{"id":13099,"date":"2026-04-23T09:00:00","date_gmt":"2026-04-23T09:00:00","guid":{"rendered":"https:\/\/www.eragintzafundazioa.eus\/?p=13099"},"modified":"2026-04-30T13:00:16","modified_gmt":"2026-04-30T13:00:16","slug":"eragintza-celebra-su-35-aniversario-con-la-exposicion-cada-historia-importa-en-el-metro-de-bilbao","status":"publish","type":"post","link":"https:\/\/www.eragintzafundazioa.eus\/es\/2026\/04\/23\/eragintza-celebra-su-35-aniversario-con-la-exposicion-cada-historia-importa-en-el-metro-de-bilbao\/","title":{"rendered":"Eragintza celebra su 35 aniversario con la exposici\u00f3n \u201cCada historia importa\u201d en el metro de Bilbao"},"content":{"rendered":"\n<p>Eragintza Fundazioa celebra sus 35 a\u00f1os de andadura acompa\u00f1ando a personas con problemas de salud mental en procesos de inserci\u00f3n sociolaboral, con una emotiva exposici\u00f3n que podr\u00e1 verse en Metro Bilbao durante los pr\u00f3ximos meses y que pone en el centro a las personas usuarias a la vez que invita a la ciudadan\u00eda a mirar m\u00e1s all\u00e1 de lo cotidiano y descubrir el valor de cada historia personal.<\/p>\n\n\n\n<p>Bajo el t\u00edtulo <em>\u201cCada historia importa\u201d<\/em>, la muestra recoge una serie de im\u00e1genes que retratan momentos reales de mujeres y hombres en sus procesos de inserci\u00f3n laboral. Lejos de situaciones extraordinarias, la exposici\u00f3n se centra en escenas diarias: trabajar, aprender\u2026 instantes aparentemente simples que esconden grandes valores como la constancia, la motivaci\u00f3n o la superaci\u00f3n.<\/p>\n\n\n\n<p>Cada fotograf\u00eda es un testimonio vivo de esfuerzo e ilusi\u00f3n, una ventana abierta a historias de crecimiento personal que miran tanto al camino recorrido como al futuro que est\u00e1 por construir. La exposici\u00f3n pone en valor cualidades fundamentales que se trabajan en Eragintza como la constancia, el trabajo en equipo, la responsabilidad, el compa\u00f1erismo\u2026 recordando que detr\u00e1s de cada persona hay una historia \u00fanica que merece ser valorada.<\/p>\n\n\n\n<p>Con esta iniciativa, Eragintza no solo rinde homenaje a todas las personas que han formado parte de su trayectoria durante estos 35 a\u00f1os, sino que tambi\u00e9n quiere reconocer a todas entidades y empresas que contribuyen a estos procesos de inserci\u00f3n sociolaboral.<\/p>\n\n\n\n<figure class=\"wp-block-image size-large\"><img decoding=\"async\" width=\"1024\" height=\"733\" src=\"https:\/\/www.eragintzafundazioa.eus\/wp-content\/uploads\/2026\/04\/erakusketaMetro-4-1024x733.jpg\" alt=\"\" class=\"wp-image-13103\" srcset=\"https:\/\/www.eragintzafundazioa.eus\/wp-content\/uploads\/2026\/04\/erakusketaMetro-4-980x702.jpg 980w, https:\/\/www.eragintzafundazioa.eus\/wp-content\/uploads\/2026\/04\/erakusketaMetro-4-480x344.jpg 480w\" sizes=\"(min-width: 0px) and (max-width: 480px) 480px, (min-width: 481px) and (max-width: 980px) 980px, (min-width: 981px) 1024px, 100vw\" \/><\/figure>\n\n\n\n<p>La exposici\u00f3n se presenta como una oportunidad para sensibilizar a la sociedad, romper estigmas y reafirmar un mensaje claro: cada historia cuenta, cada paso importa y cada persona tiene un papel en esta sociedad.<\/p>\n\n\n\n<p>\u201cCada historia importa\u201d no es solo una exposici\u00f3n, es una invitaci\u00f3n a mirar con otros ojos.<\/p>\n\n\n\n<p><strong>Agradecimentos<\/strong>.<\/p>\n\n\n\n<p>Agradecemos a Alse, Obra Social bbk, Unilever o Kooperatiba Garaia por ser unas de esas empresas que est\u00e1n ofreciendo oportunidades laborales a las personas usuarias de Eragintza.<\/p>\n\n\n\n<p>Y en especial a las personas usuarias de Eragintza que protagonizan la exposici\u00f3n, as\u00ed como a Metro Bilbao por la oportunidad de exponer en sus instalaciones. (la muestra se expondr\u00e1 en abril en la estaci\u00f3n de Moyua, en mayo en Barakaldo y en junio en Indautxu).&nbsp;<\/p>\n\n\n\n<p>Terminamos reconociendo a Enrique Moreno, y a Nerea Garro junto con Cristina Novoa, por las fotograf\u00edas, y a Diego Martinez por el dise\u00f1o.<\/p>\n","protected":false},"excerpt":{"rendered":"<p>Eragintza Fundazioa celebra sus 35 a\u00f1os de andadura acompa\u00f1ando a personas con problemas de salud mental en procesos de inserci\u00f3n sociolaboral, con una emotiva exposici\u00f3n que podr\u00e1 verse en Metro Bilbao durante los pr\u00f3ximos meses y que pone en el centro a las personas usuarias a la vez que invita a la ciudadan\u00eda a mirar [&hellip;]<\/p>\n","protected":false},"author":2,"featured_media":13161,"comment_status":"closed","ping_status":"closed","sticky":false,"template":"","format":"standard","meta":{"_acf_changed":false,"_et_pb_use_builder":"","_et_pb_old_content":"","_et_gb_content_width":"","inline_featured_image":false,"footnotes":""},"categories":[1],"tags":[],"class_list":["post-13099","post","type-post","status-publish","format-standard","has-post-thumbnail","hentry","category-todas"],"acf":[],"yoast_head":"<!-- This site is optimized with the Yoast SEO plugin v25.9 - https:\/\/yoast.com\/wordpress\/plugins\/seo\/ -->\n<title>Eragintza celebra su 35 aniversario con la exposici\u00f3n \u201cCada historia importa\u201d en el metro de Bilbao | Eragintza Fundazioa<\/title>\n<meta name=\"robots\" content=\"index, follow, max-snippet:-1, max-image-preview:large, max-video-preview:-1\" \/>\n<link rel=\"canonical\" href=\"https:\/\/www.eragintzafundazioa.eus\/es\/2026\/04\/23\/eragintza-celebra-su-35-aniversario-con-la-exposicion-cada-historia-importa-en-el-metro-de-bilbao\/\" \/>\n<meta property=\"og:locale\" content=\"es_ES\" \/>\n<meta property=\"og:type\" content=\"article\" \/>\n<meta property=\"og:title\" content=\"Eragintza celebra su 35 aniversario con la exposici\u00f3n \u201cCada historia importa\u201d en el metro de Bilbao | Eragintza Fundazioa\" \/>\n<meta property=\"og:description\" content=\"Eragintza Fundazioa celebra sus 35 a\u00f1os de andadura acompa\u00f1ando a personas con problemas de salud mental en procesos de inserci\u00f3n sociolaboral, con una emotiva exposici\u00f3n que podr\u00e1 verse en Metro Bilbao durante los pr\u00f3ximos meses y que pone en el centro a las personas usuarias a la vez que invita a la ciudadan\u00eda a mirar [&hellip;]\" \/>\n<meta property=\"og:url\" content=\"https:\/\/www.eragintzafundazioa.eus\/es\/2026\/04\/23\/eragintza-celebra-su-35-aniversario-con-la-exposicion-cada-historia-importa-en-el-metro-de-bilbao\/\" \/>\n<meta property=\"og:site_name\" content=\"Eragintza Fundazioa\" \/>\n<meta property=\"article:publisher\" content=\"https:\/\/www.facebook.com\/EragintzaFund\/\" \/>\n<meta property=\"article:published_time\" content=\"2026-04-23T09:00:00+00:00\" \/>\n<meta property=\"article:modified_time\" content=\"2026-04-30T13:00:16+00:00\" \/>\n<meta property=\"og:image\" content=\"https:\/\/www.eragintzafundazioa.eus\/wp-content\/uploads\/2026\/04\/erakusketaMetro-1.jpg\" \/>\n\t<meta property=\"og:image:width\" content=\"3024\" \/>\n\t<meta property=\"og:image:height\" content=\"2366\" \/>\n\t<meta property=\"og:image:type\" content=\"image\/jpeg\" \/>\n<meta name=\"author\" content=\"Eragintza Fundazioa\" \/>\n<meta name=\"twitter:card\" content=\"summary_large_image\" \/>\n<meta name=\"twitter:label1\" content=\"Escrito por\" \/>\n\t<meta name=\"twitter:data1\" content=\"Eragintza Fundazioa\" \/>\n\t<meta name=\"twitter:label2\" content=\"Tiempo de lectura\" \/>\n\t<meta name=\"twitter:data2\" content=\"3 minutos\" \/>\n<script type=\"application\/ld+json\" class=\"yoast-schema-graph\">{\"@context\":\"https:\/\/schema.org\",\"@graph\":[{\"@type\":\"Article\",\"@id\":\"https:\/\/www.eragintzafundazioa.eus\/es\/2026\/04\/23\/eragintza-celebra-su-35-aniversario-con-la-exposicion-cada-historia-importa-en-el-metro-de-bilbao\/#article\",\"isPartOf\":{\"@id\":\"https:\/\/www.eragintzafundazioa.eus\/es\/2026\/04\/23\/eragintza-celebra-su-35-aniversario-con-la-exposicion-cada-historia-importa-en-el-metro-de-bilbao\/\"},\"author\":{\"name\":\"Eragintza Fundazioa\",\"@id\":\"https:\/\/www.eragintzafundazioa.eus\/#\/schema\/person\/829b230c08bbb729c04fdf908bd8e8d5\"},\"headline\":\"Eragintza celebra su 35 aniversario con la exposici\u00f3n \u201cCada historia importa\u201d en el metro de Bilbao\",\"datePublished\":\"2026-04-23T09:00:00+00:00\",\"dateModified\":\"2026-04-30T13:00:16+00:00\",\"mainEntityOfPage\":{\"@id\":\"https:\/\/www.eragintzafundazioa.eus\/es\/2026\/04\/23\/eragintza-celebra-su-35-aniversario-con-la-exposicion-cada-historia-importa-en-el-metro-de-bilbao\/\"},\"wordCount\":423,\"publisher\":{\"@id\":\"https:\/\/www.eragintzafundazioa.eus\/#organization\"},\"image\":{\"@id\":\"https:\/\/www.eragintzafundazioa.eus\/es\/2026\/04\/23\/eragintza-celebra-su-35-aniversario-con-la-exposicion-cada-historia-importa-en-el-metro-de-bilbao\/#primaryimage\"},\"thumbnailUrl\":\"https:\/\/www.eragintzafundazioa.eus\/wp-content\/uploads\/2026\/04\/erakusketaMetro-1.jpg\",\"articleSection\":[\"Todas\"],\"inLanguage\":\"es\"},{\"@type\":\"WebPage\",\"@id\":\"https:\/\/www.eragintzafundazioa.eus\/es\/2026\/04\/23\/eragintza-celebra-su-35-aniversario-con-la-exposicion-cada-historia-importa-en-el-metro-de-bilbao\/\",\"url\":\"https:\/\/www.eragintzafundazioa.eus\/es\/2026\/04\/23\/eragintza-celebra-su-35-aniversario-con-la-exposicion-cada-historia-importa-en-el-metro-de-bilbao\/\",\"name\":\"Eragintza celebra su 35 aniversario con la exposici\u00f3n \u201cCada historia importa\u201d en el metro de Bilbao | Eragintza Fundazioa\",\"isPartOf\":{\"@id\":\"https:\/\/www.eragintzafundazioa.eus\/#website\"},\"primaryImageOfPage\":{\"@id\":\"https:\/\/www.eragintzafundazioa.eus\/es\/2026\/04\/23\/eragintza-celebra-su-35-aniversario-con-la-exposicion-cada-historia-importa-en-el-metro-de-bilbao\/#primaryimage\"},\"image\":{\"@id\":\"https:\/\/www.eragintzafundazioa.eus\/es\/2026\/04\/23\/eragintza-celebra-su-35-aniversario-con-la-exposicion-cada-historia-importa-en-el-metro-de-bilbao\/#primaryimage\"},\"thumbnailUrl\":\"https:\/\/www.eragintzafundazioa.eus\/wp-content\/uploads\/2026\/04\/erakusketaMetro-1.jpg\",\"datePublished\":\"2026-04-23T09:00:00+00:00\",\"dateModified\":\"2026-04-30T13:00:16+00:00\",\"breadcrumb\":{\"@id\":\"https:\/\/www.eragintzafundazioa.eus\/es\/2026\/04\/23\/eragintza-celebra-su-35-aniversario-con-la-exposicion-cada-historia-importa-en-el-metro-de-bilbao\/#breadcrumb\"},\"inLanguage\":\"es\",\"potentialAction\":[{\"@type\":\"ReadAction\",\"target\":[\"https:\/\/www.eragintzafundazioa.eus\/es\/2026\/04\/23\/eragintza-celebra-su-35-aniversario-con-la-exposicion-cada-historia-importa-en-el-metro-de-bilbao\/\"]}]},{\"@type\":\"ImageObject\",\"inLanguage\":\"es\",\"@id\":\"https:\/\/www.eragintzafundazioa.eus\/es\/2026\/04\/23\/eragintza-celebra-su-35-aniversario-con-la-exposicion-cada-historia-importa-en-el-metro-de-bilbao\/#primaryimage\",\"url\":\"https:\/\/www.eragintzafundazioa.eus\/wp-content\/uploads\/2026\/04\/erakusketaMetro-1.jpg\",\"contentUrl\":\"https:\/\/www.eragintzafundazioa.eus\/wp-content\/uploads\/2026\/04\/erakusketaMetro-1.jpg\",\"width\":3024,\"height\":2366},{\"@type\":\"BreadcrumbList\",\"@id\":\"https:\/\/www.eragintzafundazioa.eus\/es\/2026\/04\/23\/eragintza-celebra-su-35-aniversario-con-la-exposicion-cada-historia-importa-en-el-metro-de-bilbao\/#breadcrumb\",\"itemListElement\":[{\"@type\":\"ListItem\",\"position\":1,\"name\":\"Home\",\"item\":\"https:\/\/www.eragintzafundazioa.eus\/\"},{\"@type\":\"ListItem\",\"position\":2,\"name\":\"Eragintza celebra su 35 aniversario con la exposici\u00f3n \u201cCada historia importa\u201d en el metro de Bilbao\"}]},{\"@type\":\"WebSite\",\"@id\":\"https:\/\/www.eragintzafundazioa.eus\/#website\",\"url\":\"https:\/\/www.eragintzafundazioa.eus\/\",\"name\":\"Eragintza Fundazioa\",\"description\":\"\",\"publisher\":{\"@id\":\"https:\/\/www.eragintzafundazioa.eus\/#organization\"},\"potentialAction\":[{\"@type\":\"SearchAction\",\"target\":{\"@type\":\"EntryPoint\",\"urlTemplate\":\"https:\/\/www.eragintzafundazioa.eus\/?s={search_term_string}\"},\"query-input\":{\"@type\":\"PropertyValueSpecification\",\"valueRequired\":true,\"valueName\":\"search_term_string\"}}],\"inLanguage\":\"es\"},{\"@type\":\"Organization\",\"@id\":\"https:\/\/www.eragintzafundazioa.eus\/#organization\",\"name\":\"Eragintza Fundazioa\",\"url\":\"https:\/\/www.eragintzafundazioa.eus\/\",\"logo\":{\"@type\":\"ImageObject\",\"inLanguage\":\"es\",\"@id\":\"https:\/\/www.eragintzafundazioa.eus\/#\/schema\/logo\/image\/\",\"url\":\"https:\/\/eragintzafundazioa.eus\/wp-content\/uploads\/2024\/04\/logo2-1.png\",\"contentUrl\":\"https:\/\/eragintzafundazioa.eus\/wp-content\/uploads\/2024\/04\/logo2-1.png\",\"width\":496,\"height\":153,\"caption\":\"Eragintza Fundazioa\"},\"image\":{\"@id\":\"https:\/\/www.eragintzafundazioa.eus\/#\/schema\/logo\/image\/\"},\"sameAs\":[\"https:\/\/www.facebook.com\/EragintzaFund\/\",\"https:\/\/www.instagram.com\/eragintzafund\/\",\"https:\/\/es.linkedin.com\/company\/eragintzafund\",\"https:\/\/www.youtube.com\/@EragintzaFund\/videos\"]},{\"@type\":\"Person\",\"@id\":\"https:\/\/www.eragintzafundazioa.eus\/#\/schema\/person\/829b230c08bbb729c04fdf908bd8e8d5\",\"name\":\"Eragintza Fundazioa\",\"image\":{\"@type\":\"ImageObject\",\"inLanguage\":\"es\",\"@id\":\"https:\/\/www.eragintzafundazioa.eus\/#\/schema\/person\/image\/\",\"url\":\"https:\/\/secure.gravatar.com\/avatar\/01ea0cedfbaccd08efef7d4ea96236fd776db972ec1b6cb7c259fe94644aeefe?s=96&d=mm&r=g\",\"contentUrl\":\"https:\/\/secure.gravatar.com\/avatar\/01ea0cedfbaccd08efef7d4ea96236fd776db972ec1b6cb7c259fe94644aeefe?s=96&d=mm&r=g\",\"caption\":\"Eragintza Fundazioa\"},\"sameAs\":[\"https:\/\/eragintzafundazioa.eus\"],\"url\":\"https:\/\/www.eragintzafundazioa.eus\/es\/author\/eragintza-fundazioa\/\"}]}<\/script>\n<!-- \/ Yoast SEO plugin. -->","yoast_head_json":{"title":"Eragintza celebra su 35 aniversario con la exposici\u00f3n \u201cCada historia importa\u201d en el metro de Bilbao | Eragintza Fundazioa","robots":{"index":"index","follow":"follow","max-snippet":"max-snippet:-1","max-image-preview":"max-image-preview:large","max-video-preview":"max-video-preview:-1"},"canonical":"https:\/\/www.eragintzafundazioa.eus\/es\/2026\/04\/23\/eragintza-celebra-su-35-aniversario-con-la-exposicion-cada-historia-importa-en-el-metro-de-bilbao\/","og_locale":"es_ES","og_type":"article","og_title":"Eragintza celebra su 35 aniversario con la exposici\u00f3n \u201cCada historia importa\u201d en el metro de Bilbao | Eragintza Fundazioa","og_description":"Eragintza Fundazioa celebra sus 35 a\u00f1os de andadura acompa\u00f1ando a personas con problemas de salud mental en procesos de inserci\u00f3n sociolaboral, con una emotiva exposici\u00f3n que podr\u00e1 verse en Metro Bilbao durante los pr\u00f3ximos meses y que pone en el centro a las personas usuarias a la vez que invita a la ciudadan\u00eda a mirar [&hellip;]","og_url":"https:\/\/www.eragintzafundazioa.eus\/es\/2026\/04\/23\/eragintza-celebra-su-35-aniversario-con-la-exposicion-cada-historia-importa-en-el-metro-de-bilbao\/","og_site_name":"Eragintza Fundazioa","article_publisher":"https:\/\/www.facebook.com\/EragintzaFund\/","article_published_time":"2026-04-23T09:00:00+00:00","article_modified_time":"2026-04-30T13:00:16+00:00","og_image":[{"width":3024,"height":2366,"url":"https:\/\/www.eragintzafundazioa.eus\/wp-content\/uploads\/2026\/04\/erakusketaMetro-1.jpg","type":"image\/jpeg"}],"author":"Eragintza Fundazioa","twitter_card":"summary_large_image","twitter_misc":{"Escrito por":"Eragintza Fundazioa","Tiempo de lectura":"3 minutos"},"schema":{"@context":"https:\/\/schema.org","@graph":[{"@type":"Article","@id":"https:\/\/www.eragintzafundazioa.eus\/es\/2026\/04\/23\/eragintza-celebra-su-35-aniversario-con-la-exposicion-cada-historia-importa-en-el-metro-de-bilbao\/#article","isPartOf":{"@id":"https:\/\/www.eragintzafundazioa.eus\/es\/2026\/04\/23\/eragintza-celebra-su-35-aniversario-con-la-exposicion-cada-historia-importa-en-el-metro-de-bilbao\/"},"author":{"name":"Eragintza Fundazioa","@id":"https:\/\/www.eragintzafundazioa.eus\/#\/schema\/person\/829b230c08bbb729c04fdf908bd8e8d5"},"headline":"Eragintza celebra su 35 aniversario con la exposici\u00f3n \u201cCada historia importa\u201d en el metro de Bilbao","datePublished":"2026-04-23T09:00:00+00:00","dateModified":"2026-04-30T13:00:16+00:00","mainEntityOfPage":{"@id":"https:\/\/www.eragintzafundazioa.eus\/es\/2026\/04\/23\/eragintza-celebra-su-35-aniversario-con-la-exposicion-cada-historia-importa-en-el-metro-de-bilbao\/"},"wordCount":423,"publisher":{"@id":"https:\/\/www.eragintzafundazioa.eus\/#organization"},"image":{"@id":"https:\/\/www.eragintzafundazioa.eus\/es\/2026\/04\/23\/eragintza-celebra-su-35-aniversario-con-la-exposicion-cada-historia-importa-en-el-metro-de-bilbao\/#primaryimage"},"thumbnailUrl":"https:\/\/www.eragintzafundazioa.eus\/wp-content\/uploads\/2026\/04\/erakusketaMetro-1.jpg","articleSection":["Todas"],"inLanguage":"es"},{"@type":"WebPage","@id":"https:\/\/www.eragintzafundazioa.eus\/es\/2026\/04\/23\/eragintza-celebra-su-35-aniversario-con-la-exposicion-cada-historia-importa-en-el-metro-de-bilbao\/","url":"https:\/\/www.eragintzafundazioa.eus\/es\/2026\/04\/23\/eragintza-celebra-su-35-aniversario-con-la-exposicion-cada-historia-importa-en-el-metro-de-bilbao\/","name":"Eragintza celebra su 35 aniversario con la exposici\u00f3n \u201cCada historia importa\u201d en el metro de Bilbao | Eragintza Fundazioa","isPartOf":{"@id":"https:\/\/www.eragintzafundazioa.eus\/#website"},"primaryImageOfPage":{"@id":"https:\/\/www.eragintzafundazioa.eus\/es\/2026\/04\/23\/eragintza-celebra-su-35-aniversario-con-la-exposicion-cada-historia-importa-en-el-metro-de-bilbao\/#primaryimage"},"image":{"@id":"https:\/\/www.eragintzafundazioa.eus\/es\/2026\/04\/23\/eragintza-celebra-su-35-aniversario-con-la-exposicion-cada-historia-importa-en-el-metro-de-bilbao\/#primaryimage"},"thumbnailUrl":"https:\/\/www.eragintzafundazioa.eus\/wp-content\/uploads\/2026\/04\/erakusketaMetro-1.jpg","datePublished":"2026-04-23T09:00:00+00:00","dateModified":"2026-04-30T13:00:16+00:00","breadcrumb":{"@id":"https:\/\/www.eragintzafundazioa.eus\/es\/2026\/04\/23\/eragintza-celebra-su-35-aniversario-con-la-exposicion-cada-historia-importa-en-el-metro-de-bilbao\/#breadcrumb"},"inLanguage":"es","potentialAction":[{"@type":"ReadAction","target":["https:\/\/www.eragintzafundazioa.eus\/es\/2026\/04\/23\/eragintza-celebra-su-35-aniversario-con-la-exposicion-cada-historia-importa-en-el-metro-de-bilbao\/"]}]},{"@type":"ImageObject","inLanguage":"es","@id":"https:\/\/www.eragintzafundazioa.eus\/es\/2026\/04\/23\/eragintza-celebra-su-35-aniversario-con-la-exposicion-cada-historia-importa-en-el-metro-de-bilbao\/#primaryimage","url":"https:\/\/www.eragintzafundazioa.eus\/wp-content\/uploads\/2026\/04\/erakusketaMetro-1.jpg","contentUrl":"https:\/\/www.eragintzafundazioa.eus\/wp-content\/uploads\/2026\/04\/erakusketaMetro-1.jpg","width":3024,"height":2366},{"@type":"BreadcrumbList","@id":"https:\/\/www.eragintzafundazioa.eus\/es\/2026\/04\/23\/eragintza-celebra-su-35-aniversario-con-la-exposicion-cada-historia-importa-en-el-metro-de-bilbao\/#breadcrumb","itemListElement":[{"@type":"ListItem","position":1,"name":"Home","item":"https:\/\/www.eragintzafundazioa.eus\/"},{"@type":"ListItem","position":2,"name":"Eragintza celebra su 35 aniversario con la exposici\u00f3n \u201cCada historia importa\u201d en el metro de Bilbao"}]},{"@type":"WebSite","@id":"https:\/\/www.eragintzafundazioa.eus\/#website","url":"https:\/\/www.eragintzafundazioa.eus\/","name":"Eragintza Fundazioa","description":"","publisher":{"@id":"https:\/\/www.eragintzafundazioa.eus\/#organization"},"potentialAction":[{"@type":"SearchAction","target":{"@type":"EntryPoint","urlTemplate":"https:\/\/www.eragintzafundazioa.eus\/?s={search_term_string}"},"query-input":{"@type":"PropertyValueSpecification","valueRequired":true,"valueName":"search_term_string"}}],"inLanguage":"es"},{"@type":"Organization","@id":"https:\/\/www.eragintzafundazioa.eus\/#organization","name":"Eragintza Fundazioa","url":"https:\/\/www.eragintzafundazioa.eus\/","logo":{"@type":"ImageObject","inLanguage":"es","@id":"https:\/\/www.eragintzafundazioa.eus\/#\/schema\/logo\/image\/","url":"https:\/\/eragintzafundazioa.eus\/wp-content\/uploads\/2024\/04\/logo2-1.png","contentUrl":"https:\/\/eragintzafundazioa.eus\/wp-content\/uploads\/2024\/04\/logo2-1.png","width":496,"height":153,"caption":"Eragintza Fundazioa"},"image":{"@id":"https:\/\/www.eragintzafundazioa.eus\/#\/schema\/logo\/image\/"},"sameAs":["https:\/\/www.facebook.com\/EragintzaFund\/","https:\/\/www.instagram.com\/eragintzafund\/","https:\/\/es.linkedin.com\/company\/eragintzafund","https:\/\/www.youtube.com\/@EragintzaFund\/videos"]},{"@type":"Person","@id":"https:\/\/www.eragintzafundazioa.eus\/#\/schema\/person\/829b230c08bbb729c04fdf908bd8e8d5","name":"Eragintza Fundazioa","image":{"@type":"ImageObject","inLanguage":"es","@id":"https:\/\/www.eragintzafundazioa.eus\/#\/schema\/person\/image\/","url":"https:\/\/secure.gravatar.com\/avatar\/01ea0cedfbaccd08efef7d4ea96236fd776db972ec1b6cb7c259fe94644aeefe?s=96&d=mm&r=g","contentUrl":"https:\/\/secure.gravatar.com\/avatar\/01ea0cedfbaccd08efef7d4ea96236fd776db972ec1b6cb7c259fe94644aeefe?s=96&d=mm&r=g","caption":"Eragintza Fundazioa"},"sameAs":["https:\/\/eragintzafundazioa.eus"],"url":"https:\/\/www.eragintzafundazioa.eus\/es\/author\/eragintza-fundazioa\/"}]}},"_links":{"self":[{"href":"https:\/\/www.eragintzafundazioa.eus\/es\/wp-json\/wp\/v2\/posts\/13099","targetHints":{"allow":["GET"]}}],"collection":[{"href":"https:\/\/www.eragintzafundazioa.eus\/es\/wp-json\/wp\/v2\/posts"}],"about":[{"href":"https:\/\/www.eragintzafundazioa.eus\/es\/wp-json\/wp\/v2\/types\/post"}],"author":[{"embeddable":true,"href":"https:\/\/www.eragintzafundazioa.eus\/es\/wp-json\/wp\/v2\/users\/2"}],"replies":[{"embeddable":true,"href":"https:\/\/www.eragintzafundazioa.eus\/es\/wp-json\/wp\/v2\/comments?post=13099"}],"version-history":[{"count":2,"href":"https:\/\/www.eragintzafundazioa.eus\/es\/wp-json\/wp\/v2\/posts\/13099\/revisions"}],"predecessor-version":[{"id":13105,"href":"https:\/\/www.eragintzafundazioa.eus\/es\/wp-json\/wp\/v2\/posts\/13099\/revisions\/13105"}],"wp:featuredmedia":[{"embeddable":true,"href":"https:\/\/www.eragintzafundazioa.eus\/es\/wp-json\/wp\/v2\/media\/13161"}],"wp:attachment":[{"href":"https:\/\/www.eragintzafundazioa.eus\/es\/wp-json\/wp\/v2\/media?parent=13099"}],"wp:term":[{"taxonomy":"category","embeddable":true,"href":"https:\/\/www.eragintzafundazioa.eus\/es\/wp-json\/wp\/v2\/categories?post=13099"},{"taxonomy":"post_tag","embeddable":true,"href":"https:\/\/www.eragintzafundazioa.eus\/es\/wp-json\/wp\/v2\/tags?post=13099"}],"curies":[{"name":"wp","href":"https:\/\/api.w.org\/{rel}","templated":true}]}}