{"id":13121,"date":"2026-04-28T09:00:00","date_gmt":"2026-04-28T09:00:00","guid":{"rendered":"https:\/\/www.eragintzafundazioa.eus\/?p=13121"},"modified":"2026-04-22T10:53:16","modified_gmt":"2026-04-22T10:53:16","slug":"eragintza-acerca-la-cultura-a-las-personas-usuarias-gracias-a-gertu-kultura","status":"publish","type":"post","link":"https:\/\/www.eragintzafundazioa.eus\/es\/2026\/04\/28\/eragintza-acerca-la-cultura-a-las-personas-usuarias-gracias-a-gertu-kultura\/","title":{"rendered":"Eragintza acerca la cultura a las personas usuarias gracias a Gertu Kultura"},"content":{"rendered":"\n<p>Eragintza ha participado recientemente en el programa Gertu Kultura Bizkaia, una iniciativa que promueve el acceso a la cultura para todas las personas. Gracias a esta colaboraci\u00f3n, varias personas usuarias de la organizaci\u00f3n han tenido la oportunidad de asistir al Teatro Arriaga para disfrutar del espect\u00e1culo de ballet Amalur Indarra.<\/p>\n\n\n\n<p>La obra, segunda producci\u00f3n de la compa\u00f1\u00eda Lucia Lacarra Ballet, ofreci\u00f3 a los asistentes una experiencia art\u00edstica de gran nivel, acercando la danza contempor\u00e1nea a personas que, en muchas ocasiones, encuentran barreras para acceder a este tipo de propuestas culturales.<\/p>\n\n\n\n<p><strong>Gertu kultura<\/strong>.<\/p>\n\n\n\n<p>El programa Gertu Kultura, impulsado por la entidad bbk, funciona como una red de programadores culturales que facilita el acceso a actividades culturales a trav\u00e9s de entidades sociales. Su objetivo es garantizar que la cultura sea un espacio inclusivo, accesible para todas las personas. Desde Eragintza valoramos muy positivamente esta experiencia, que no solo permite disfrutar de eventos culturales de calidad, sino que tambi\u00e9n contribuye al bienestar emocional y a la inclusi\u00f3n social de las personas usuarias.<\/p>\n","protected":false},"excerpt":{"rendered":"<p>Eragintza ha participado recientemente en el programa Gertu Kultura Bizkaia, una iniciativa que promueve el acceso a la cultura para todas las personas. Gracias a esta colaboraci\u00f3n, varias personas usuarias de la organizaci\u00f3n han tenido la oportunidad de asistir al Teatro Arriaga para disfrutar del espect\u00e1culo de ballet Amalur Indarra. La obra, segunda producci\u00f3n de [&hellip;]<\/p>\n","protected":false},"author":2,"featured_media":13122,"comment_status":"closed","ping_status":"closed","sticky":false,"template":"","format":"standard","meta":{"_acf_changed":false,"_et_pb_use_builder":"","_et_pb_old_content":"","_et_gb_content_width":"","inline_featured_image":false,"footnotes":""},"categories":[1],"tags":[],"class_list":["post-13121","post","type-post","status-publish","format-standard","has-post-thumbnail","hentry","category-todas"],"acf":[],"yoast_head":"<!-- This site is optimized with the Yoast SEO plugin v25.9 - https:\/\/yoast.com\/wordpress\/plugins\/seo\/ -->\n<title>Eragintza acerca la cultura a las personas usuarias gracias a Gertu Kultura | Eragintza Fundazioa<\/title>\n<meta name=\"robots\" content=\"index, follow, max-snippet:-1, max-image-preview:large, max-video-preview:-1\" \/>\n<link rel=\"canonical\" href=\"https:\/\/www.eragintzafundazioa.eus\/?p=13125\" \/>\n<meta property=\"og:locale\" content=\"es_ES\" \/>\n<meta property=\"og:type\" content=\"article\" \/>\n<meta property=\"og:title\" content=\"Eragintza acerca la cultura a las personas usuarias gracias a Gertu Kultura | Eragintza Fundazioa\" \/>\n<meta property=\"og:description\" content=\"Eragintza ha participado recientemente en el programa Gertu Kultura Bizkaia, una iniciativa que promueve el acceso a la cultura para todas las personas. Gracias a esta colaboraci\u00f3n, varias personas usuarias de la organizaci\u00f3n han tenido la oportunidad de asistir al Teatro Arriaga para disfrutar del espect\u00e1culo de ballet Amalur Indarra. La obra, segunda producci\u00f3n de [&hellip;]\" \/>\n<meta property=\"og:url\" content=\"https:\/\/www.eragintzafundazioa.eus\/?p=13125\" \/>\n<meta property=\"og:site_name\" content=\"Eragintza Fundazioa\" \/>\n<meta property=\"article:publisher\" content=\"https:\/\/www.facebook.com\/EragintzaFund\/\" \/>\n<meta property=\"article:published_time\" content=\"2026-04-28T09:00:00+00:00\" \/>\n<meta property=\"og:image\" content=\"https:\/\/www.eragintzafundazioa.eus\/wp-content\/uploads\/2026\/04\/gertuKultura1-1024x744.jpg\" \/>\n\t<meta property=\"og:image:width\" content=\"1024\" \/>\n\t<meta property=\"og:image:height\" content=\"744\" \/>\n\t<meta property=\"og:image:type\" content=\"image\/jpeg\" \/>\n<meta name=\"author\" content=\"Eragintza Fundazioa\" \/>\n<meta name=\"twitter:card\" content=\"summary_large_image\" \/>\n<meta name=\"twitter:label1\" content=\"Escrito por\" \/>\n\t<meta name=\"twitter:data1\" content=\"Eragintza Fundazioa\" \/>\n\t<meta name=\"twitter:label2\" content=\"Tiempo de lectura\" \/>\n\t<meta name=\"twitter:data2\" content=\"1 minuto\" \/>\n<script type=\"application\/ld+json\" class=\"yoast-schema-graph\">{\"@context\":\"https:\/\/schema.org\",\"@graph\":[{\"@type\":\"Article\",\"@id\":\"https:\/\/www.eragintzafundazioa.eus\/?p=13125#article\",\"isPartOf\":{\"@id\":\"https:\/\/www.eragintzafundazioa.eus\/?p=13125\"},\"author\":{\"name\":\"Eragintza Fundazioa\",\"@id\":\"https:\/\/www.eragintzafundazioa.eus\/#\/schema\/person\/829b230c08bbb729c04fdf908bd8e8d5\"},\"headline\":\"Eragintza acerca la cultura a las personas usuarias gracias a Gertu Kultura\",\"datePublished\":\"2026-04-28T09:00:00+00:00\",\"mainEntityOfPage\":{\"@id\":\"https:\/\/www.eragintzafundazioa.eus\/?p=13125\"},\"wordCount\":191,\"publisher\":{\"@id\":\"https:\/\/www.eragintzafundazioa.eus\/#organization\"},\"image\":{\"@id\":\"https:\/\/www.eragintzafundazioa.eus\/?p=13125#primaryimage\"},\"thumbnailUrl\":\"https:\/\/www.eragintzafundazioa.eus\/wp-content\/uploads\/2026\/04\/gertuKultura1.jpg\",\"articleSection\":[\"Todas\"],\"inLanguage\":\"es\"},{\"@type\":\"WebPage\",\"@id\":\"https:\/\/www.eragintzafundazioa.eus\/?p=13125\",\"url\":\"https:\/\/www.eragintzafundazioa.eus\/?p=13125\",\"name\":\"Eragintza acerca la cultura a las personas usuarias gracias a Gertu Kultura | Eragintza Fundazioa\",\"isPartOf\":{\"@id\":\"https:\/\/www.eragintzafundazioa.eus\/#website\"},\"primaryImageOfPage\":{\"@id\":\"https:\/\/www.eragintzafundazioa.eus\/?p=13125#primaryimage\"},\"image\":{\"@id\":\"https:\/\/www.eragintzafundazioa.eus\/?p=13125#primaryimage\"},\"thumbnailUrl\":\"https:\/\/www.eragintzafundazioa.eus\/wp-content\/uploads\/2026\/04\/gertuKultura1.jpg\",\"datePublished\":\"2026-04-28T09:00:00+00:00\",\"breadcrumb\":{\"@id\":\"https:\/\/www.eragintzafundazioa.eus\/?p=13125#breadcrumb\"},\"inLanguage\":\"es\",\"potentialAction\":[{\"@type\":\"ReadAction\",\"target\":[\"https:\/\/www.eragintzafundazioa.eus\/?p=13125\"]}]},{\"@type\":\"ImageObject\",\"inLanguage\":\"es\",\"@id\":\"https:\/\/www.eragintzafundazioa.eus\/?p=13125#primaryimage\",\"url\":\"https:\/\/www.eragintzafundazioa.eus\/wp-content\/uploads\/2026\/04\/gertuKultura1.jpg\",\"contentUrl\":\"https:\/\/www.eragintzafundazioa.eus\/wp-content\/uploads\/2026\/04\/gertuKultura1.jpg\",\"width\":4032,\"height\":2929},{\"@type\":\"BreadcrumbList\",\"@id\":\"https:\/\/www.eragintzafundazioa.eus\/?p=13125#breadcrumb\",\"itemListElement\":[{\"@type\":\"ListItem\",\"position\":1,\"name\":\"Home\",\"item\":\"https:\/\/www.eragintzafundazioa.eus\/\"},{\"@type\":\"ListItem\",\"position\":2,\"name\":\"Eragintza acerca la cultura a las personas usuarias gracias a Gertu Kultura\"}]},{\"@type\":\"WebSite\",\"@id\":\"https:\/\/www.eragintzafundazioa.eus\/#website\",\"url\":\"https:\/\/www.eragintzafundazioa.eus\/\",\"name\":\"Eragintza Fundazioa\",\"description\":\"\",\"publisher\":{\"@id\":\"https:\/\/www.eragintzafundazioa.eus\/#organization\"},\"potentialAction\":[{\"@type\":\"SearchAction\",\"target\":{\"@type\":\"EntryPoint\",\"urlTemplate\":\"https:\/\/www.eragintzafundazioa.eus\/?s={search_term_string}\"},\"query-input\":{\"@type\":\"PropertyValueSpecification\",\"valueRequired\":true,\"valueName\":\"search_term_string\"}}],\"inLanguage\":\"es\"},{\"@type\":\"Organization\",\"@id\":\"https:\/\/www.eragintzafundazioa.eus\/#organization\",\"name\":\"Eragintza Fundazioa\",\"url\":\"https:\/\/www.eragintzafundazioa.eus\/\",\"logo\":{\"@type\":\"ImageObject\",\"inLanguage\":\"es\",\"@id\":\"https:\/\/www.eragintzafundazioa.eus\/#\/schema\/logo\/image\/\",\"url\":\"https:\/\/eragintzafundazioa.eus\/wp-content\/uploads\/2024\/04\/logo2-1.png\",\"contentUrl\":\"https:\/\/eragintzafundazioa.eus\/wp-content\/uploads\/2024\/04\/logo2-1.png\",\"width\":496,\"height\":153,\"caption\":\"Eragintza Fundazioa\"},\"image\":{\"@id\":\"https:\/\/www.eragintzafundazioa.eus\/#\/schema\/logo\/image\/\"},\"sameAs\":[\"https:\/\/www.facebook.com\/EragintzaFund\/\",\"https:\/\/www.instagram.com\/eragintzafund\/\",\"https:\/\/es.linkedin.com\/company\/eragintzafund\",\"https:\/\/www.youtube.com\/@EragintzaFund\/videos\"]},{\"@type\":\"Person\",\"@id\":\"https:\/\/www.eragintzafundazioa.eus\/#\/schema\/person\/829b230c08bbb729c04fdf908bd8e8d5\",\"name\":\"Eragintza Fundazioa\",\"image\":{\"@type\":\"ImageObject\",\"inLanguage\":\"es\",\"@id\":\"https:\/\/www.eragintzafundazioa.eus\/#\/schema\/person\/image\/\",\"url\":\"https:\/\/secure.gravatar.com\/avatar\/01ea0cedfbaccd08efef7d4ea96236fd776db972ec1b6cb7c259fe94644aeefe?s=96&d=mm&r=g\",\"contentUrl\":\"https:\/\/secure.gravatar.com\/avatar\/01ea0cedfbaccd08efef7d4ea96236fd776db972ec1b6cb7c259fe94644aeefe?s=96&d=mm&r=g\",\"caption\":\"Eragintza Fundazioa\"},\"sameAs\":[\"https:\/\/eragintzafundazioa.eus\"],\"url\":\"https:\/\/www.eragintzafundazioa.eus\/es\/author\/eragintza-fundazioa\/\"}]}<\/script>\n<!-- \/ Yoast SEO plugin. -->","yoast_head_json":{"title":"Eragintza acerca la cultura a las personas usuarias gracias a Gertu Kultura | Eragintza Fundazioa","robots":{"index":"index","follow":"follow","max-snippet":"max-snippet:-1","max-image-preview":"max-image-preview:large","max-video-preview":"max-video-preview:-1"},"canonical":"https:\/\/www.eragintzafundazioa.eus\/?p=13125","og_locale":"es_ES","og_type":"article","og_title":"Eragintza acerca la cultura a las personas usuarias gracias a Gertu Kultura | Eragintza Fundazioa","og_description":"Eragintza ha participado recientemente en el programa Gertu Kultura Bizkaia, una iniciativa que promueve el acceso a la cultura para todas las personas. Gracias a esta colaboraci\u00f3n, varias personas usuarias de la organizaci\u00f3n han tenido la oportunidad de asistir al Teatro Arriaga para disfrutar del espect\u00e1culo de ballet Amalur Indarra. La obra, segunda producci\u00f3n de [&hellip;]","og_url":"https:\/\/www.eragintzafundazioa.eus\/?p=13125","og_site_name":"Eragintza Fundazioa","article_publisher":"https:\/\/www.facebook.com\/EragintzaFund\/","article_published_time":"2026-04-28T09:00:00+00:00","og_image":[{"width":1024,"height":744,"url":"https:\/\/www.eragintzafundazioa.eus\/wp-content\/uploads\/2026\/04\/gertuKultura1-1024x744.jpg","type":"image\/jpeg"}],"author":"Eragintza Fundazioa","twitter_card":"summary_large_image","twitter_misc":{"Escrito por":"Eragintza Fundazioa","Tiempo de lectura":"1 minuto"},"schema":{"@context":"https:\/\/schema.org","@graph":[{"@type":"Article","@id":"https:\/\/www.eragintzafundazioa.eus\/?p=13125#article","isPartOf":{"@id":"https:\/\/www.eragintzafundazioa.eus\/?p=13125"},"author":{"name":"Eragintza Fundazioa","@id":"https:\/\/www.eragintzafundazioa.eus\/#\/schema\/person\/829b230c08bbb729c04fdf908bd8e8d5"},"headline":"Eragintza acerca la cultura a las personas usuarias gracias a Gertu Kultura","datePublished":"2026-04-28T09:00:00+00:00","mainEntityOfPage":{"@id":"https:\/\/www.eragintzafundazioa.eus\/?p=13125"},"wordCount":191,"publisher":{"@id":"https:\/\/www.eragintzafundazioa.eus\/#organization"},"image":{"@id":"https:\/\/www.eragintzafundazioa.eus\/?p=13125#primaryimage"},"thumbnailUrl":"https:\/\/www.eragintzafundazioa.eus\/wp-content\/uploads\/2026\/04\/gertuKultura1.jpg","articleSection":["Todas"],"inLanguage":"es"},{"@type":"WebPage","@id":"https:\/\/www.eragintzafundazioa.eus\/?p=13125","url":"https:\/\/www.eragintzafundazioa.eus\/?p=13125","name":"Eragintza acerca la cultura a las personas usuarias gracias a Gertu Kultura | Eragintza Fundazioa","isPartOf":{"@id":"https:\/\/www.eragintzafundazioa.eus\/#website"},"primaryImageOfPage":{"@id":"https:\/\/www.eragintzafundazioa.eus\/?p=13125#primaryimage"},"image":{"@id":"https:\/\/www.eragintzafundazioa.eus\/?p=13125#primaryimage"},"thumbnailUrl":"https:\/\/www.eragintzafundazioa.eus\/wp-content\/uploads\/2026\/04\/gertuKultura1.jpg","datePublished":"2026-04-28T09:00:00+00:00","breadcrumb":{"@id":"https:\/\/www.eragintzafundazioa.eus\/?p=13125#breadcrumb"},"inLanguage":"es","potentialAction":[{"@type":"ReadAction","target":["https:\/\/www.eragintzafundazioa.eus\/?p=13125"]}]},{"@type":"ImageObject","inLanguage":"es","@id":"https:\/\/www.eragintzafundazioa.eus\/?p=13125#primaryimage","url":"https:\/\/www.eragintzafundazioa.eus\/wp-content\/uploads\/2026\/04\/gertuKultura1.jpg","contentUrl":"https:\/\/www.eragintzafundazioa.eus\/wp-content\/uploads\/2026\/04\/gertuKultura1.jpg","width":4032,"height":2929},{"@type":"BreadcrumbList","@id":"https:\/\/www.eragintzafundazioa.eus\/?p=13125#breadcrumb","itemListElement":[{"@type":"ListItem","position":1,"name":"Home","item":"https:\/\/www.eragintzafundazioa.eus\/"},{"@type":"ListItem","position":2,"name":"Eragintza acerca la cultura a las personas usuarias gracias a Gertu Kultura"}]},{"@type":"WebSite","@id":"https:\/\/www.eragintzafundazioa.eus\/#website","url":"https:\/\/www.eragintzafundazioa.eus\/","name":"Eragintza Fundazioa","description":"","publisher":{"@id":"https:\/\/www.eragintzafundazioa.eus\/#organization"},"potentialAction":[{"@type":"SearchAction","target":{"@type":"EntryPoint","urlTemplate":"https:\/\/www.eragintzafundazioa.eus\/?s={search_term_string}"},"query-input":{"@type":"PropertyValueSpecification","valueRequired":true,"valueName":"search_term_string"}}],"inLanguage":"es"},{"@type":"Organization","@id":"https:\/\/www.eragintzafundazioa.eus\/#organization","name":"Eragintza Fundazioa","url":"https:\/\/www.eragintzafundazioa.eus\/","logo":{"@type":"ImageObject","inLanguage":"es","@id":"https:\/\/www.eragintzafundazioa.eus\/#\/schema\/logo\/image\/","url":"https:\/\/eragintzafundazioa.eus\/wp-content\/uploads\/2024\/04\/logo2-1.png","contentUrl":"https:\/\/eragintzafundazioa.eus\/wp-content\/uploads\/2024\/04\/logo2-1.png","width":496,"height":153,"caption":"Eragintza Fundazioa"},"image":{"@id":"https:\/\/www.eragintzafundazioa.eus\/#\/schema\/logo\/image\/"},"sameAs":["https:\/\/www.facebook.com\/EragintzaFund\/","https:\/\/www.instagram.com\/eragintzafund\/","https:\/\/es.linkedin.com\/company\/eragintzafund","https:\/\/www.youtube.com\/@EragintzaFund\/videos"]},{"@type":"Person","@id":"https:\/\/www.eragintzafundazioa.eus\/#\/schema\/person\/829b230c08bbb729c04fdf908bd8e8d5","name":"Eragintza Fundazioa","image":{"@type":"ImageObject","inLanguage":"es","@id":"https:\/\/www.eragintzafundazioa.eus\/#\/schema\/person\/image\/","url":"https:\/\/secure.gravatar.com\/avatar\/01ea0cedfbaccd08efef7d4ea96236fd776db972ec1b6cb7c259fe94644aeefe?s=96&d=mm&r=g","contentUrl":"https:\/\/secure.gravatar.com\/avatar\/01ea0cedfbaccd08efef7d4ea96236fd776db972ec1b6cb7c259fe94644aeefe?s=96&d=mm&r=g","caption":"Eragintza Fundazioa"},"sameAs":["https:\/\/eragintzafundazioa.eus"],"url":"https:\/\/www.eragintzafundazioa.eus\/es\/author\/eragintza-fundazioa\/"}]}},"_links":{"self":[{"href":"https:\/\/www.eragintzafundazioa.eus\/es\/wp-json\/wp\/v2\/posts\/13121","targetHints":{"allow":["GET"]}}],"collection":[{"href":"https:\/\/www.eragintzafundazioa.eus\/es\/wp-json\/wp\/v2\/posts"}],"about":[{"href":"https:\/\/www.eragintzafundazioa.eus\/es\/wp-json\/wp\/v2\/types\/post"}],"author":[{"embeddable":true,"href":"https:\/\/www.eragintzafundazioa.eus\/es\/wp-json\/wp\/v2\/users\/2"}],"replies":[{"embeddable":true,"href":"https:\/\/www.eragintzafundazioa.eus\/es\/wp-json\/wp\/v2\/comments?post=13121"}],"version-history":[{"count":1,"href":"https:\/\/www.eragintzafundazioa.eus\/es\/wp-json\/wp\/v2\/posts\/13121\/revisions"}],"predecessor-version":[{"id":13124,"href":"https:\/\/www.eragintzafundazioa.eus\/es\/wp-json\/wp\/v2\/posts\/13121\/revisions\/13124"}],"wp:featuredmedia":[{"embeddable":true,"href":"https:\/\/www.eragintzafundazioa.eus\/es\/wp-json\/wp\/v2\/media\/13122"}],"wp:attachment":[{"href":"https:\/\/www.eragintzafundazioa.eus\/es\/wp-json\/wp\/v2\/media?parent=13121"}],"wp:term":[{"taxonomy":"category","embeddable":true,"href":"https:\/\/www.eragintzafundazioa.eus\/es\/wp-json\/wp\/v2\/categories?post=13121"},{"taxonomy":"post_tag","embeddable":true,"href":"https:\/\/www.eragintzafundazioa.eus\/es\/wp-json\/wp\/v2\/tags?post=13121"}],"curies":[{"name":"wp","href":"https:\/\/api.w.org\/{rel}","templated":true}]}}