{"id":13131,"date":"2026-04-30T09:00:00","date_gmt":"2026-04-30T09:00:00","guid":{"rendered":"https:\/\/www.eragintzafundazioa.eus\/?p=13131"},"modified":"2026-04-28T10:32:28","modified_gmt":"2026-04-28T10:32:28","slug":"cerca-de-400-personas-pasan-por-al-servicio-de-orientacion-laboral-especializado-de-eragintza-en-2025","status":"publish","type":"post","link":"https:\/\/www.eragintzafundazioa.eus\/es\/2026\/04\/30\/cerca-de-400-personas-pasan-por-al-servicio-de-orientacion-laboral-especializado-de-eragintza-en-2025\/","title":{"rendered":"Cerca de 400 personas pasan por al Servicio de Orientaci\u00f3n Laboral Especializado de Eragintza en 2025"},"content":{"rendered":"\n<p>Un total de 392 personas han participado durante 2025 en el Servicio de Orientaci\u00f3n Laboral Especializado de Eragintza, consolidando este recurso como una pieza clave en el acompa\u00f1amiento hacia la inserci\u00f3n laboral de las personas usuarias de Eragintza. Del total de personas atendidas, 256 han sido hombres y 136 mujeres, lo que representa un 35% de las personas atendidas.<\/p>\n\n\n\n<p>Somos conscientes del enorme desaf\u00edo que suponen los procesos de inserci\u00f3n laboral para las personas con problemas de salud mental, que se agudiza en el caso de las mujeres, por lo que las animamos a hacer uso del servicio y explorar la v\u00eda de la inserci\u00f3n laboral.<\/p>\n\n\n\n<p><strong>Orientaci\u00f3n laboral especializada<\/strong>.<\/p>\n\n\n\n<p>Entre los diferentes recursos que ofrece Eragintza contamos con el de orientaci\u00f3n laboral dirigida a personas con problemas de salud mental. Eragintza es <strong>entidad colaboradora de LANBIDE<\/strong> por lo que las personas usuarias reciben una orientaci\u00f3n personalizada en todo su proceso de inserci\u00f3n laboral para avanzar en el logro de la empleabilidad y mantenimiento de su empleo, que es complementada con atenci\u00f3n especializada en el \u00e1mbito de la salud mental.<\/p>\n","protected":false},"excerpt":{"rendered":"<p>Un total de 392 personas han participado durante 2025 en el Servicio de Orientaci\u00f3n Laboral Especializado de Eragintza, consolidando este recurso como una pieza clave en el acompa\u00f1amiento hacia la inserci\u00f3n laboral de las personas usuarias de Eragintza. Del total de personas atendidas, 256 han sido hombres y 136 mujeres, lo que representa un 35% [&hellip;]<\/p>\n","protected":false},"author":2,"featured_media":13132,"comment_status":"closed","ping_status":"closed","sticky":false,"template":"","format":"standard","meta":{"_acf_changed":false,"_et_pb_use_builder":"","_et_pb_old_content":"","_et_gb_content_width":"","inline_featured_image":false,"footnotes":""},"categories":[46,50,1],"tags":[],"class_list":["post-13131","post","type-post","status-publish","format-standard","has-post-thumbnail","hentry","category-empleo","category-orientacion-laboral","category-todas"],"acf":[],"yoast_head":"<!-- This site is optimized with the Yoast SEO plugin v25.9 - https:\/\/yoast.com\/wordpress\/plugins\/seo\/ -->\n<title>Cerca de 400 personas pasan por al Servicio de Orientaci\u00f3n Laboral Especializado de Eragintza en 2025 | Eragintza Fundazioa<\/title>\n<meta name=\"robots\" content=\"index, follow, max-snippet:-1, max-image-preview:large, max-video-preview:-1\" \/>\n<link rel=\"canonical\" href=\"https:\/\/www.eragintzafundazioa.eus\/?p=13135\" \/>\n<meta property=\"og:locale\" content=\"es_ES\" \/>\n<meta property=\"og:type\" content=\"article\" \/>\n<meta property=\"og:title\" content=\"Cerca de 400 personas pasan por al Servicio de Orientaci\u00f3n Laboral Especializado de Eragintza en 2025 | Eragintza Fundazioa\" \/>\n<meta property=\"og:description\" content=\"Un total de 392 personas han participado durante 2025 en el Servicio de Orientaci\u00f3n Laboral Especializado de Eragintza, consolidando este recurso como una pieza clave en el acompa\u00f1amiento hacia la inserci\u00f3n laboral de las personas usuarias de Eragintza. Del total de personas atendidas, 256 han sido hombres y 136 mujeres, lo que representa un 35% [&hellip;]\" \/>\n<meta property=\"og:url\" content=\"https:\/\/www.eragintzafundazioa.eus\/?p=13135\" \/>\n<meta property=\"og:site_name\" content=\"Eragintza Fundazioa\" \/>\n<meta property=\"article:publisher\" content=\"https:\/\/www.facebook.com\/EragintzaFund\/\" \/>\n<meta property=\"article:published_time\" content=\"2026-04-30T09:00:00+00:00\" \/>\n<meta property=\"og:image\" content=\"https:\/\/www.eragintzafundazioa.eus\/wp-content\/uploads\/2026\/04\/IMG_6019.jpeg\" \/>\n\t<meta property=\"og:image:width\" content=\"3239\" \/>\n\t<meta property=\"og:image:height\" content=\"2444\" \/>\n\t<meta property=\"og:image:type\" content=\"image\/jpeg\" \/>\n<meta name=\"author\" content=\"Eragintza Fundazioa\" \/>\n<meta name=\"twitter:card\" content=\"summary_large_image\" \/>\n<meta name=\"twitter:label1\" content=\"Escrito por\" \/>\n\t<meta name=\"twitter:data1\" content=\"Eragintza Fundazioa\" \/>\n\t<meta name=\"twitter:label2\" content=\"Tiempo de lectura\" \/>\n\t<meta name=\"twitter:data2\" content=\"2 minutos\" \/>\n<script type=\"application\/ld+json\" class=\"yoast-schema-graph\">{\"@context\":\"https:\/\/schema.org\",\"@graph\":[{\"@type\":\"Article\",\"@id\":\"https:\/\/www.eragintzafundazioa.eus\/?p=13135#article\",\"isPartOf\":{\"@id\":\"https:\/\/www.eragintzafundazioa.eus\/?p=13135\"},\"author\":{\"name\":\"Eragintza Fundazioa\",\"@id\":\"https:\/\/www.eragintzafundazioa.eus\/#\/schema\/person\/829b230c08bbb729c04fdf908bd8e8d5\"},\"headline\":\"Cerca de 400 personas pasan por al Servicio de Orientaci\u00f3n Laboral Especializado de Eragintza en 2025\",\"datePublished\":\"2026-04-30T09:00:00+00:00\",\"mainEntityOfPage\":{\"@id\":\"https:\/\/www.eragintzafundazioa.eus\/?p=13135\"},\"wordCount\":201,\"publisher\":{\"@id\":\"https:\/\/www.eragintzafundazioa.eus\/#organization\"},\"image\":{\"@id\":\"https:\/\/www.eragintzafundazioa.eus\/?p=13135#primaryimage\"},\"thumbnailUrl\":\"https:\/\/www.eragintzafundazioa.eus\/wp-content\/uploads\/2026\/04\/IMG_6019.jpeg\",\"articleSection\":[\"Empleo\",\"Orientaci\u00f3n laboral\",\"Todas\"],\"inLanguage\":\"es\"},{\"@type\":\"WebPage\",\"@id\":\"https:\/\/www.eragintzafundazioa.eus\/?p=13135\",\"url\":\"https:\/\/www.eragintzafundazioa.eus\/?p=13135\",\"name\":\"Cerca de 400 personas pasan por al Servicio de Orientaci\u00f3n Laboral Especializado de Eragintza en 2025 | Eragintza Fundazioa\",\"isPartOf\":{\"@id\":\"https:\/\/www.eragintzafundazioa.eus\/#website\"},\"primaryImageOfPage\":{\"@id\":\"https:\/\/www.eragintzafundazioa.eus\/?p=13135#primaryimage\"},\"image\":{\"@id\":\"https:\/\/www.eragintzafundazioa.eus\/?p=13135#primaryimage\"},\"thumbnailUrl\":\"https:\/\/www.eragintzafundazioa.eus\/wp-content\/uploads\/2026\/04\/IMG_6019.jpeg\",\"datePublished\":\"2026-04-30T09:00:00+00:00\",\"breadcrumb\":{\"@id\":\"https:\/\/www.eragintzafundazioa.eus\/?p=13135#breadcrumb\"},\"inLanguage\":\"es\",\"potentialAction\":[{\"@type\":\"ReadAction\",\"target\":[\"https:\/\/www.eragintzafundazioa.eus\/?p=13135\"]}]},{\"@type\":\"ImageObject\",\"inLanguage\":\"es\",\"@id\":\"https:\/\/www.eragintzafundazioa.eus\/?p=13135#primaryimage\",\"url\":\"https:\/\/www.eragintzafundazioa.eus\/wp-content\/uploads\/2026\/04\/IMG_6019.jpeg\",\"contentUrl\":\"https:\/\/www.eragintzafundazioa.eus\/wp-content\/uploads\/2026\/04\/IMG_6019.jpeg\",\"width\":3239,\"height\":2444},{\"@type\":\"BreadcrumbList\",\"@id\":\"https:\/\/www.eragintzafundazioa.eus\/?p=13135#breadcrumb\",\"itemListElement\":[{\"@type\":\"ListItem\",\"position\":1,\"name\":\"Home\",\"item\":\"https:\/\/www.eragintzafundazioa.eus\/\"},{\"@type\":\"ListItem\",\"position\":2,\"name\":\"Cerca de 400 personas pasan por al Servicio de Orientaci\u00f3n Laboral Especializado de Eragintza en 2025\"}]},{\"@type\":\"WebSite\",\"@id\":\"https:\/\/www.eragintzafundazioa.eus\/#website\",\"url\":\"https:\/\/www.eragintzafundazioa.eus\/\",\"name\":\"Eragintza Fundazioa\",\"description\":\"\",\"publisher\":{\"@id\":\"https:\/\/www.eragintzafundazioa.eus\/#organization\"},\"potentialAction\":[{\"@type\":\"SearchAction\",\"target\":{\"@type\":\"EntryPoint\",\"urlTemplate\":\"https:\/\/www.eragintzafundazioa.eus\/?s={search_term_string}\"},\"query-input\":{\"@type\":\"PropertyValueSpecification\",\"valueRequired\":true,\"valueName\":\"search_term_string\"}}],\"inLanguage\":\"es\"},{\"@type\":\"Organization\",\"@id\":\"https:\/\/www.eragintzafundazioa.eus\/#organization\",\"name\":\"Eragintza Fundazioa\",\"url\":\"https:\/\/www.eragintzafundazioa.eus\/\",\"logo\":{\"@type\":\"ImageObject\",\"inLanguage\":\"es\",\"@id\":\"https:\/\/www.eragintzafundazioa.eus\/#\/schema\/logo\/image\/\",\"url\":\"https:\/\/eragintzafundazioa.eus\/wp-content\/uploads\/2024\/04\/logo2-1.png\",\"contentUrl\":\"https:\/\/eragintzafundazioa.eus\/wp-content\/uploads\/2024\/04\/logo2-1.png\",\"width\":496,\"height\":153,\"caption\":\"Eragintza Fundazioa\"},\"image\":{\"@id\":\"https:\/\/www.eragintzafundazioa.eus\/#\/schema\/logo\/image\/\"},\"sameAs\":[\"https:\/\/www.facebook.com\/EragintzaFund\/\",\"https:\/\/www.instagram.com\/eragintzafund\/\",\"https:\/\/es.linkedin.com\/company\/eragintzafund\",\"https:\/\/www.youtube.com\/@EragintzaFund\/videos\"]},{\"@type\":\"Person\",\"@id\":\"https:\/\/www.eragintzafundazioa.eus\/#\/schema\/person\/829b230c08bbb729c04fdf908bd8e8d5\",\"name\":\"Eragintza Fundazioa\",\"image\":{\"@type\":\"ImageObject\",\"inLanguage\":\"es\",\"@id\":\"https:\/\/www.eragintzafundazioa.eus\/#\/schema\/person\/image\/\",\"url\":\"https:\/\/secure.gravatar.com\/avatar\/01ea0cedfbaccd08efef7d4ea96236fd776db972ec1b6cb7c259fe94644aeefe?s=96&d=mm&r=g\",\"contentUrl\":\"https:\/\/secure.gravatar.com\/avatar\/01ea0cedfbaccd08efef7d4ea96236fd776db972ec1b6cb7c259fe94644aeefe?s=96&d=mm&r=g\",\"caption\":\"Eragintza Fundazioa\"},\"sameAs\":[\"https:\/\/eragintzafundazioa.eus\"],\"url\":\"https:\/\/www.eragintzafundazioa.eus\/es\/author\/eragintza-fundazioa\/\"}]}<\/script>\n<!-- \/ Yoast SEO plugin. -->","yoast_head_json":{"title":"Cerca de 400 personas pasan por al Servicio de Orientaci\u00f3n Laboral Especializado de Eragintza en 2025 | Eragintza Fundazioa","robots":{"index":"index","follow":"follow","max-snippet":"max-snippet:-1","max-image-preview":"max-image-preview:large","max-video-preview":"max-video-preview:-1"},"canonical":"https:\/\/www.eragintzafundazioa.eus\/?p=13135","og_locale":"es_ES","og_type":"article","og_title":"Cerca de 400 personas pasan por al Servicio de Orientaci\u00f3n Laboral Especializado de Eragintza en 2025 | Eragintza Fundazioa","og_description":"Un total de 392 personas han participado durante 2025 en el Servicio de Orientaci\u00f3n Laboral Especializado de Eragintza, consolidando este recurso como una pieza clave en el acompa\u00f1amiento hacia la inserci\u00f3n laboral de las personas usuarias de Eragintza. Del total de personas atendidas, 256 han sido hombres y 136 mujeres, lo que representa un 35% [&hellip;]","og_url":"https:\/\/www.eragintzafundazioa.eus\/?p=13135","og_site_name":"Eragintza Fundazioa","article_publisher":"https:\/\/www.facebook.com\/EragintzaFund\/","article_published_time":"2026-04-30T09:00:00+00:00","og_image":[{"width":3239,"height":2444,"url":"https:\/\/www.eragintzafundazioa.eus\/wp-content\/uploads\/2026\/04\/IMG_6019.jpeg","type":"image\/jpeg"}],"author":"Eragintza Fundazioa","twitter_card":"summary_large_image","twitter_misc":{"Escrito por":"Eragintza Fundazioa","Tiempo de lectura":"2 minutos"},"schema":{"@context":"https:\/\/schema.org","@graph":[{"@type":"Article","@id":"https:\/\/www.eragintzafundazioa.eus\/?p=13135#article","isPartOf":{"@id":"https:\/\/www.eragintzafundazioa.eus\/?p=13135"},"author":{"name":"Eragintza Fundazioa","@id":"https:\/\/www.eragintzafundazioa.eus\/#\/schema\/person\/829b230c08bbb729c04fdf908bd8e8d5"},"headline":"Cerca de 400 personas pasan por al Servicio de Orientaci\u00f3n Laboral Especializado de Eragintza en 2025","datePublished":"2026-04-30T09:00:00+00:00","mainEntityOfPage":{"@id":"https:\/\/www.eragintzafundazioa.eus\/?p=13135"},"wordCount":201,"publisher":{"@id":"https:\/\/www.eragintzafundazioa.eus\/#organization"},"image":{"@id":"https:\/\/www.eragintzafundazioa.eus\/?p=13135#primaryimage"},"thumbnailUrl":"https:\/\/www.eragintzafundazioa.eus\/wp-content\/uploads\/2026\/04\/IMG_6019.jpeg","articleSection":["Empleo","Orientaci\u00f3n laboral","Todas"],"inLanguage":"es"},{"@type":"WebPage","@id":"https:\/\/www.eragintzafundazioa.eus\/?p=13135","url":"https:\/\/www.eragintzafundazioa.eus\/?p=13135","name":"Cerca de 400 personas pasan por al Servicio de Orientaci\u00f3n Laboral Especializado de Eragintza en 2025 | Eragintza Fundazioa","isPartOf":{"@id":"https:\/\/www.eragintzafundazioa.eus\/#website"},"primaryImageOfPage":{"@id":"https:\/\/www.eragintzafundazioa.eus\/?p=13135#primaryimage"},"image":{"@id":"https:\/\/www.eragintzafundazioa.eus\/?p=13135#primaryimage"},"thumbnailUrl":"https:\/\/www.eragintzafundazioa.eus\/wp-content\/uploads\/2026\/04\/IMG_6019.jpeg","datePublished":"2026-04-30T09:00:00+00:00","breadcrumb":{"@id":"https:\/\/www.eragintzafundazioa.eus\/?p=13135#breadcrumb"},"inLanguage":"es","potentialAction":[{"@type":"ReadAction","target":["https:\/\/www.eragintzafundazioa.eus\/?p=13135"]}]},{"@type":"ImageObject","inLanguage":"es","@id":"https:\/\/www.eragintzafundazioa.eus\/?p=13135#primaryimage","url":"https:\/\/www.eragintzafundazioa.eus\/wp-content\/uploads\/2026\/04\/IMG_6019.jpeg","contentUrl":"https:\/\/www.eragintzafundazioa.eus\/wp-content\/uploads\/2026\/04\/IMG_6019.jpeg","width":3239,"height":2444},{"@type":"BreadcrumbList","@id":"https:\/\/www.eragintzafundazioa.eus\/?p=13135#breadcrumb","itemListElement":[{"@type":"ListItem","position":1,"name":"Home","item":"https:\/\/www.eragintzafundazioa.eus\/"},{"@type":"ListItem","position":2,"name":"Cerca de 400 personas pasan por al Servicio de Orientaci\u00f3n Laboral Especializado de Eragintza en 2025"}]},{"@type":"WebSite","@id":"https:\/\/www.eragintzafundazioa.eus\/#website","url":"https:\/\/www.eragintzafundazioa.eus\/","name":"Eragintza Fundazioa","description":"","publisher":{"@id":"https:\/\/www.eragintzafundazioa.eus\/#organization"},"potentialAction":[{"@type":"SearchAction","target":{"@type":"EntryPoint","urlTemplate":"https:\/\/www.eragintzafundazioa.eus\/?s={search_term_string}"},"query-input":{"@type":"PropertyValueSpecification","valueRequired":true,"valueName":"search_term_string"}}],"inLanguage":"es"},{"@type":"Organization","@id":"https:\/\/www.eragintzafundazioa.eus\/#organization","name":"Eragintza Fundazioa","url":"https:\/\/www.eragintzafundazioa.eus\/","logo":{"@type":"ImageObject","inLanguage":"es","@id":"https:\/\/www.eragintzafundazioa.eus\/#\/schema\/logo\/image\/","url":"https:\/\/eragintzafundazioa.eus\/wp-content\/uploads\/2024\/04\/logo2-1.png","contentUrl":"https:\/\/eragintzafundazioa.eus\/wp-content\/uploads\/2024\/04\/logo2-1.png","width":496,"height":153,"caption":"Eragintza Fundazioa"},"image":{"@id":"https:\/\/www.eragintzafundazioa.eus\/#\/schema\/logo\/image\/"},"sameAs":["https:\/\/www.facebook.com\/EragintzaFund\/","https:\/\/www.instagram.com\/eragintzafund\/","https:\/\/es.linkedin.com\/company\/eragintzafund","https:\/\/www.youtube.com\/@EragintzaFund\/videos"]},{"@type":"Person","@id":"https:\/\/www.eragintzafundazioa.eus\/#\/schema\/person\/829b230c08bbb729c04fdf908bd8e8d5","name":"Eragintza Fundazioa","image":{"@type":"ImageObject","inLanguage":"es","@id":"https:\/\/www.eragintzafundazioa.eus\/#\/schema\/person\/image\/","url":"https:\/\/secure.gravatar.com\/avatar\/01ea0cedfbaccd08efef7d4ea96236fd776db972ec1b6cb7c259fe94644aeefe?s=96&d=mm&r=g","contentUrl":"https:\/\/secure.gravatar.com\/avatar\/01ea0cedfbaccd08efef7d4ea96236fd776db972ec1b6cb7c259fe94644aeefe?s=96&d=mm&r=g","caption":"Eragintza Fundazioa"},"sameAs":["https:\/\/eragintzafundazioa.eus"],"url":"https:\/\/www.eragintzafundazioa.eus\/es\/author\/eragintza-fundazioa\/"}]}},"_links":{"self":[{"href":"https:\/\/www.eragintzafundazioa.eus\/es\/wp-json\/wp\/v2\/posts\/13131","targetHints":{"allow":["GET"]}}],"collection":[{"href":"https:\/\/www.eragintzafundazioa.eus\/es\/wp-json\/wp\/v2\/posts"}],"about":[{"href":"https:\/\/www.eragintzafundazioa.eus\/es\/wp-json\/wp\/v2\/types\/post"}],"author":[{"embeddable":true,"href":"https:\/\/www.eragintzafundazioa.eus\/es\/wp-json\/wp\/v2\/users\/2"}],"replies":[{"embeddable":true,"href":"https:\/\/www.eragintzafundazioa.eus\/es\/wp-json\/wp\/v2\/comments?post=13131"}],"version-history":[{"count":1,"href":"https:\/\/www.eragintzafundazioa.eus\/es\/wp-json\/wp\/v2\/posts\/13131\/revisions"}],"predecessor-version":[{"id":13134,"href":"https:\/\/www.eragintzafundazioa.eus\/es\/wp-json\/wp\/v2\/posts\/13131\/revisions\/13134"}],"wp:featuredmedia":[{"embeddable":true,"href":"https:\/\/www.eragintzafundazioa.eus\/es\/wp-json\/wp\/v2\/media\/13132"}],"wp:attachment":[{"href":"https:\/\/www.eragintzafundazioa.eus\/es\/wp-json\/wp\/v2\/media?parent=13131"}],"wp:term":[{"taxonomy":"category","embeddable":true,"href":"https:\/\/www.eragintzafundazioa.eus\/es\/wp-json\/wp\/v2\/categories?post=13131"},{"taxonomy":"post_tag","embeddable":true,"href":"https:\/\/www.eragintzafundazioa.eus\/es\/wp-json\/wp\/v2\/tags?post=13131"}],"curies":[{"name":"wp","href":"https:\/\/api.w.org\/{rel}","templated":true}]}}