{"id":13143,"date":"2026-05-07T09:00:00","date_gmt":"2026-05-07T09:00:00","guid":{"rendered":"https:\/\/www.eragintzafundazioa.eus\/?p=13143"},"modified":"2026-04-28T10:40:09","modified_gmt":"2026-04-28T10:40:09","slug":"eragintza-gestiono-78-contratos-de-empleo-ordinario-en-2025","status":"publish","type":"post","link":"https:\/\/www.eragintzafundazioa.eus\/es\/2026\/05\/07\/eragintza-gestiono-78-contratos-de-empleo-ordinario-en-2025\/","title":{"rendered":"Eragintza gestion\u00f3 78 contratos de empleo ordinario en 2025"},"content":{"rendered":"\n<p class=\"wp-block-paragraph\">Eragintza gestion\u00f3 un total de 78 contratos en el \u00e1mbito del empleo ordinario a lo largo de 2025, reforzando su compromiso con la inserci\u00f3n sociolaboral de personas con problemas de salud mental.<\/p>\n\n\n\n<p class=\"wp-block-paragraph\">La fundaci\u00f3n tiene como prop\u00f3sito acompa\u00f1ar a las personas en sus procesos de inserci\u00f3n laboral, ofreciendo un apoyo integral y adaptado a cada situaci\u00f3n. Para ello, se dise\u00f1an itinerarios personalizados que responden al perfil, necesidades y objetivos de cada persona usuaria. Estos itinerarios contemplan diferentes fases y recursos, que van desde medidas de activaci\u00f3n prelaboral hasta la participaci\u00f3n en Centros Ocupacionales, as\u00ed como el acceso al empleo a trav\u00e9s de Centros Especiales de Empleo o del mercado laboral ordinario.<\/p>\n\n\n\n<p class=\"wp-block-paragraph\">En este contexto, la gesti\u00f3n de 78 contratos en empresas ordinarias de Bizkaia durante el \u00faltimo a\u00f1o supone un avance significativo en la promoci\u00f3n de oportunidades laborales. Adem\u00e1s, destaca la estabilidad de estas contrataciones: el 40% de los contratos gestionados han tenido una duraci\u00f3n superior a un a\u00f1o.<\/p>\n\n\n\n<p class=\"wp-block-paragraph\"><strong>Colaboraci\u00f3n empresarial, clave para la inserci\u00f3n.<\/strong><\/p>\n\n\n\n<p class=\"wp-block-paragraph\">Desde Eragintza se quiere poner en valor la implicaci\u00f3n del tejido empresarial, cuya colaboraci\u00f3n resulta fundamental para generar oportunidades reales de empleo. Gracias a la confianza y compromiso de las empresas, cada vez m\u00e1s personas pueden acceder a un puesto de trabajo y desarrollar su proyecto de vida.<\/p>\n\n\n\n<p class=\"wp-block-paragraph\">Por ello, la entidad quiere trasladar su agradecimiento a todas las empresas que han hecho posible estos resultados, contribuyendo activamente a la construcci\u00f3n de una sociedad m\u00e1s inclusiva.<\/p>\n\n\n\n<p class=\"wp-block-paragraph\">Eragintza continuar\u00e1 trabajando para ampliar estas oportunidades, fortaleciendo alianzas y desarrollando nuevas v\u00edas que favorezcan la inserci\u00f3n laboral de las personas con problemas de salud mental.<\/p>\n","protected":false},"excerpt":{"rendered":"<p>Eragintza gestion\u00f3 un total de 78 contratos en el \u00e1mbito del empleo ordinario a lo largo de 2025, reforzando su compromiso con la inserci\u00f3n sociolaboral de personas con problemas de salud mental. La fundaci\u00f3n tiene como prop\u00f3sito acompa\u00f1ar a las personas en sus procesos de inserci\u00f3n laboral, ofreciendo un apoyo integral y adaptado a cada [&hellip;]<\/p>\n","protected":false},"author":2,"featured_media":13144,"comment_status":"closed","ping_status":"closed","sticky":false,"template":"","format":"standard","meta":{"_acf_changed":false,"_et_pb_use_builder":"","_et_pb_old_content":"","_et_gb_content_width":"","inline_featured_image":false,"footnotes":""},"categories":[46,1],"tags":[],"class_list":["post-13143","post","type-post","status-publish","format-standard","has-post-thumbnail","hentry","category-empleo","category-todas"],"acf":[],"yoast_head":"<!-- This site is optimized with the Yoast SEO plugin v25.9 - https:\/\/yoast.com\/wordpress\/plugins\/seo\/ -->\n<title>Eragintza gestion\u00f3 78 contratos de empleo ordinario en 2025 | Eragintza Fundazioa<\/title>\n<meta name=\"robots\" content=\"index, follow, max-snippet:-1, max-image-preview:large, max-video-preview:-1\" \/>\n<link rel=\"canonical\" href=\"https:\/\/www.eragintzafundazioa.eus\/?p=13147\" \/>\n<meta property=\"og:locale\" content=\"es_ES\" \/>\n<meta property=\"og:type\" content=\"article\" \/>\n<meta property=\"og:title\" content=\"Eragintza gestion\u00f3 78 contratos de empleo ordinario en 2025 | Eragintza Fundazioa\" \/>\n<meta property=\"og:description\" content=\"Eragintza gestion\u00f3 un total de 78 contratos en el \u00e1mbito del empleo ordinario a lo largo de 2025, reforzando su compromiso con la inserci\u00f3n sociolaboral de personas con problemas de salud mental. La fundaci\u00f3n tiene como prop\u00f3sito acompa\u00f1ar a las personas en sus procesos de inserci\u00f3n laboral, ofreciendo un apoyo integral y adaptado a cada [&hellip;]\" \/>\n<meta property=\"og:url\" content=\"https:\/\/www.eragintzafundazioa.eus\/?p=13147\" \/>\n<meta property=\"og:site_name\" content=\"Eragintza Fundazioa\" \/>\n<meta property=\"article:publisher\" content=\"https:\/\/www.facebook.com\/EragintzaFund\/\" \/>\n<meta property=\"article:published_time\" content=\"2026-05-07T09:00:00+00:00\" \/>\n<meta property=\"og:image\" content=\"https:\/\/www.eragintzafundazioa.eus\/wp-content\/uploads\/2026\/04\/SORAYA-8-1024x640.jpg\" \/>\n\t<meta property=\"og:image:width\" content=\"1024\" \/>\n\t<meta property=\"og:image:height\" content=\"640\" \/>\n\t<meta property=\"og:image:type\" content=\"image\/jpeg\" \/>\n<meta name=\"author\" content=\"Eragintza Fundazioa\" \/>\n<meta name=\"twitter:card\" content=\"summary_large_image\" \/>\n<meta name=\"twitter:label1\" content=\"Written by\" \/>\n\t<meta name=\"twitter:data1\" content=\"Eragintza Fundazioa\" \/>\n\t<meta name=\"twitter:label2\" content=\"Est. reading time\" \/>\n\t<meta name=\"twitter:data2\" content=\"2 minutos\" \/>\n<script type=\"application\/ld+json\" class=\"yoast-schema-graph\">{\"@context\":\"https:\/\/schema.org\",\"@graph\":[{\"@type\":\"Article\",\"@id\":\"https:\/\/www.eragintzafundazioa.eus\/?p=13147#article\",\"isPartOf\":{\"@id\":\"https:\/\/www.eragintzafundazioa.eus\/?p=13147\"},\"author\":{\"name\":\"Eragintza Fundazioa\",\"@id\":\"https:\/\/www.eragintzafundazioa.eus\/#\/schema\/person\/829b230c08bbb729c04fdf908bd8e8d5\"},\"headline\":\"Eragintza gestion\u00f3 78 contratos de empleo ordinario en 2025\",\"datePublished\":\"2026-05-07T09:00:00+00:00\",\"mainEntityOfPage\":{\"@id\":\"https:\/\/www.eragintzafundazioa.eus\/?p=13147\"},\"wordCount\":295,\"publisher\":{\"@id\":\"https:\/\/www.eragintzafundazioa.eus\/#organization\"},\"image\":{\"@id\":\"https:\/\/www.eragintzafundazioa.eus\/?p=13147#primaryimage\"},\"thumbnailUrl\":\"https:\/\/www.eragintzafundazioa.eus\/wp-content\/uploads\/2026\/04\/SORAYA-8.jpg\",\"articleSection\":[\"Empleo\",\"Todas\"],\"inLanguage\":\"es\"},{\"@type\":\"WebPage\",\"@id\":\"https:\/\/www.eragintzafundazioa.eus\/?p=13147\",\"url\":\"https:\/\/www.eragintzafundazioa.eus\/?p=13147\",\"name\":\"Eragintza gestion\u00f3 78 contratos de empleo ordinario en 2025 | Eragintza Fundazioa\",\"isPartOf\":{\"@id\":\"https:\/\/www.eragintzafundazioa.eus\/#website\"},\"primaryImageOfPage\":{\"@id\":\"https:\/\/www.eragintzafundazioa.eus\/?p=13147#primaryimage\"},\"image\":{\"@id\":\"https:\/\/www.eragintzafundazioa.eus\/?p=13147#primaryimage\"},\"thumbnailUrl\":\"https:\/\/www.eragintzafundazioa.eus\/wp-content\/uploads\/2026\/04\/SORAYA-8.jpg\",\"datePublished\":\"2026-05-07T09:00:00+00:00\",\"breadcrumb\":{\"@id\":\"https:\/\/www.eragintzafundazioa.eus\/?p=13147#breadcrumb\"},\"inLanguage\":\"es\",\"potentialAction\":[{\"@type\":\"ReadAction\",\"target\":[\"https:\/\/www.eragintzafundazioa.eus\/?p=13147\"]}]},{\"@type\":\"ImageObject\",\"inLanguage\":\"es\",\"@id\":\"https:\/\/www.eragintzafundazioa.eus\/?p=13147#primaryimage\",\"url\":\"https:\/\/www.eragintzafundazioa.eus\/wp-content\/uploads\/2026\/04\/SORAYA-8.jpg\",\"contentUrl\":\"https:\/\/www.eragintzafundazioa.eus\/wp-content\/uploads\/2026\/04\/SORAYA-8.jpg\",\"width\":5196,\"height\":3248,\"caption\":\"ERAGINTZA RETRATOS METRO\"},{\"@type\":\"BreadcrumbList\",\"@id\":\"https:\/\/www.eragintzafundazioa.eus\/?p=13147#breadcrumb\",\"itemListElement\":[{\"@type\":\"ListItem\",\"position\":1,\"name\":\"Home\",\"item\":\"https:\/\/www.eragintzafundazioa.eus\/\"},{\"@type\":\"ListItem\",\"position\":2,\"name\":\"Eragintza gestion\u00f3 78 contratos de empleo ordinario en 2025\"}]},{\"@type\":\"WebSite\",\"@id\":\"https:\/\/www.eragintzafundazioa.eus\/#website\",\"url\":\"https:\/\/www.eragintzafundazioa.eus\/\",\"name\":\"Eragintza Fundazioa\",\"description\":\"\",\"publisher\":{\"@id\":\"https:\/\/www.eragintzafundazioa.eus\/#organization\"},\"potentialAction\":[{\"@type\":\"SearchAction\",\"target\":{\"@type\":\"EntryPoint\",\"urlTemplate\":\"https:\/\/www.eragintzafundazioa.eus\/?s={search_term_string}\"},\"query-input\":{\"@type\":\"PropertyValueSpecification\",\"valueRequired\":true,\"valueName\":\"search_term_string\"}}],\"inLanguage\":\"es\"},{\"@type\":\"Organization\",\"@id\":\"https:\/\/www.eragintzafundazioa.eus\/#organization\",\"name\":\"Eragintza Fundazioa\",\"url\":\"https:\/\/www.eragintzafundazioa.eus\/\",\"logo\":{\"@type\":\"ImageObject\",\"inLanguage\":\"es\",\"@id\":\"https:\/\/www.eragintzafundazioa.eus\/#\/schema\/logo\/image\/\",\"url\":\"https:\/\/eragintzafundazioa.eus\/wp-content\/uploads\/2024\/04\/logo2-1.png\",\"contentUrl\":\"https:\/\/eragintzafundazioa.eus\/wp-content\/uploads\/2024\/04\/logo2-1.png\",\"width\":496,\"height\":153,\"caption\":\"Eragintza Fundazioa\"},\"image\":{\"@id\":\"https:\/\/www.eragintzafundazioa.eus\/#\/schema\/logo\/image\/\"},\"sameAs\":[\"https:\/\/www.facebook.com\/EragintzaFund\/\",\"https:\/\/www.instagram.com\/eragintzafund\/\",\"https:\/\/es.linkedin.com\/company\/eragintzafund\",\"https:\/\/www.youtube.com\/@EragintzaFund\/videos\"]},{\"@type\":\"Person\",\"@id\":\"https:\/\/www.eragintzafundazioa.eus\/#\/schema\/person\/829b230c08bbb729c04fdf908bd8e8d5\",\"name\":\"Eragintza Fundazioa\",\"image\":{\"@type\":\"ImageObject\",\"inLanguage\":\"es\",\"@id\":\"https:\/\/www.eragintzafundazioa.eus\/#\/schema\/person\/image\/\",\"url\":\"https:\/\/secure.gravatar.com\/avatar\/01ea0cedfbaccd08efef7d4ea96236fd776db972ec1b6cb7c259fe94644aeefe?s=96&d=mm&r=g\",\"contentUrl\":\"https:\/\/secure.gravatar.com\/avatar\/01ea0cedfbaccd08efef7d4ea96236fd776db972ec1b6cb7c259fe94644aeefe?s=96&d=mm&r=g\",\"caption\":\"Eragintza Fundazioa\"},\"sameAs\":[\"https:\/\/eragintzafundazioa.eus\"],\"url\":\"https:\/\/www.eragintzafundazioa.eus\/es\/author\/eragintza-fundazioa\/\"}]}<\/script>\n<!-- \/ Yoast SEO plugin. -->","yoast_head_json":{"title":"Eragintza gestion\u00f3 78 contratos de empleo ordinario en 2025 | Eragintza Fundazioa","robots":{"index":"index","follow":"follow","max-snippet":"max-snippet:-1","max-image-preview":"max-image-preview:large","max-video-preview":"max-video-preview:-1"},"canonical":"https:\/\/www.eragintzafundazioa.eus\/?p=13147","og_locale":"es_ES","og_type":"article","og_title":"Eragintza gestion\u00f3 78 contratos de empleo ordinario en 2025 | Eragintza Fundazioa","og_description":"Eragintza gestion\u00f3 un total de 78 contratos en el \u00e1mbito del empleo ordinario a lo largo de 2025, reforzando su compromiso con la inserci\u00f3n sociolaboral de personas con problemas de salud mental. La fundaci\u00f3n tiene como prop\u00f3sito acompa\u00f1ar a las personas en sus procesos de inserci\u00f3n laboral, ofreciendo un apoyo integral y adaptado a cada [&hellip;]","og_url":"https:\/\/www.eragintzafundazioa.eus\/?p=13147","og_site_name":"Eragintza Fundazioa","article_publisher":"https:\/\/www.facebook.com\/EragintzaFund\/","article_published_time":"2026-05-07T09:00:00+00:00","og_image":[{"width":1024,"height":640,"url":"https:\/\/www.eragintzafundazioa.eus\/wp-content\/uploads\/2026\/04\/SORAYA-8-1024x640.jpg","type":"image\/jpeg"}],"author":"Eragintza Fundazioa","twitter_card":"summary_large_image","twitter_misc":{"Written by":"Eragintza Fundazioa","Est. reading time":"2 minutos"},"schema":{"@context":"https:\/\/schema.org","@graph":[{"@type":"Article","@id":"https:\/\/www.eragintzafundazioa.eus\/?p=13147#article","isPartOf":{"@id":"https:\/\/www.eragintzafundazioa.eus\/?p=13147"},"author":{"name":"Eragintza Fundazioa","@id":"https:\/\/www.eragintzafundazioa.eus\/#\/schema\/person\/829b230c08bbb729c04fdf908bd8e8d5"},"headline":"Eragintza gestion\u00f3 78 contratos de empleo ordinario en 2025","datePublished":"2026-05-07T09:00:00+00:00","mainEntityOfPage":{"@id":"https:\/\/www.eragintzafundazioa.eus\/?p=13147"},"wordCount":295,"publisher":{"@id":"https:\/\/www.eragintzafundazioa.eus\/#organization"},"image":{"@id":"https:\/\/www.eragintzafundazioa.eus\/?p=13147#primaryimage"},"thumbnailUrl":"https:\/\/www.eragintzafundazioa.eus\/wp-content\/uploads\/2026\/04\/SORAYA-8.jpg","articleSection":["Empleo","Todas"],"inLanguage":"es"},{"@type":"WebPage","@id":"https:\/\/www.eragintzafundazioa.eus\/?p=13147","url":"https:\/\/www.eragintzafundazioa.eus\/?p=13147","name":"Eragintza gestion\u00f3 78 contratos de empleo ordinario en 2025 | Eragintza Fundazioa","isPartOf":{"@id":"https:\/\/www.eragintzafundazioa.eus\/#website"},"primaryImageOfPage":{"@id":"https:\/\/www.eragintzafundazioa.eus\/?p=13147#primaryimage"},"image":{"@id":"https:\/\/www.eragintzafundazioa.eus\/?p=13147#primaryimage"},"thumbnailUrl":"https:\/\/www.eragintzafundazioa.eus\/wp-content\/uploads\/2026\/04\/SORAYA-8.jpg","datePublished":"2026-05-07T09:00:00+00:00","breadcrumb":{"@id":"https:\/\/www.eragintzafundazioa.eus\/?p=13147#breadcrumb"},"inLanguage":"es","potentialAction":[{"@type":"ReadAction","target":["https:\/\/www.eragintzafundazioa.eus\/?p=13147"]}]},{"@type":"ImageObject","inLanguage":"es","@id":"https:\/\/www.eragintzafundazioa.eus\/?p=13147#primaryimage","url":"https:\/\/www.eragintzafundazioa.eus\/wp-content\/uploads\/2026\/04\/SORAYA-8.jpg","contentUrl":"https:\/\/www.eragintzafundazioa.eus\/wp-content\/uploads\/2026\/04\/SORAYA-8.jpg","width":5196,"height":3248,"caption":"ERAGINTZA RETRATOS METRO"},{"@type":"BreadcrumbList","@id":"https:\/\/www.eragintzafundazioa.eus\/?p=13147#breadcrumb","itemListElement":[{"@type":"ListItem","position":1,"name":"Home","item":"https:\/\/www.eragintzafundazioa.eus\/"},{"@type":"ListItem","position":2,"name":"Eragintza gestion\u00f3 78 contratos de empleo ordinario en 2025"}]},{"@type":"WebSite","@id":"https:\/\/www.eragintzafundazioa.eus\/#website","url":"https:\/\/www.eragintzafundazioa.eus\/","name":"Eragintza Fundazioa","description":"","publisher":{"@id":"https:\/\/www.eragintzafundazioa.eus\/#organization"},"potentialAction":[{"@type":"SearchAction","target":{"@type":"EntryPoint","urlTemplate":"https:\/\/www.eragintzafundazioa.eus\/?s={search_term_string}"},"query-input":{"@type":"PropertyValueSpecification","valueRequired":true,"valueName":"search_term_string"}}],"inLanguage":"es"},{"@type":"Organization","@id":"https:\/\/www.eragintzafundazioa.eus\/#organization","name":"Eragintza Fundazioa","url":"https:\/\/www.eragintzafundazioa.eus\/","logo":{"@type":"ImageObject","inLanguage":"es","@id":"https:\/\/www.eragintzafundazioa.eus\/#\/schema\/logo\/image\/","url":"https:\/\/eragintzafundazioa.eus\/wp-content\/uploads\/2024\/04\/logo2-1.png","contentUrl":"https:\/\/eragintzafundazioa.eus\/wp-content\/uploads\/2024\/04\/logo2-1.png","width":496,"height":153,"caption":"Eragintza Fundazioa"},"image":{"@id":"https:\/\/www.eragintzafundazioa.eus\/#\/schema\/logo\/image\/"},"sameAs":["https:\/\/www.facebook.com\/EragintzaFund\/","https:\/\/www.instagram.com\/eragintzafund\/","https:\/\/es.linkedin.com\/company\/eragintzafund","https:\/\/www.youtube.com\/@EragintzaFund\/videos"]},{"@type":"Person","@id":"https:\/\/www.eragintzafundazioa.eus\/#\/schema\/person\/829b230c08bbb729c04fdf908bd8e8d5","name":"Eragintza Fundazioa","image":{"@type":"ImageObject","inLanguage":"es","@id":"https:\/\/www.eragintzafundazioa.eus\/#\/schema\/person\/image\/","url":"https:\/\/secure.gravatar.com\/avatar\/01ea0cedfbaccd08efef7d4ea96236fd776db972ec1b6cb7c259fe94644aeefe?s=96&d=mm&r=g","contentUrl":"https:\/\/secure.gravatar.com\/avatar\/01ea0cedfbaccd08efef7d4ea96236fd776db972ec1b6cb7c259fe94644aeefe?s=96&d=mm&r=g","caption":"Eragintza Fundazioa"},"sameAs":["https:\/\/eragintzafundazioa.eus"],"url":"https:\/\/www.eragintzafundazioa.eus\/es\/author\/eragintza-fundazioa\/"}]}},"_links":{"self":[{"href":"https:\/\/www.eragintzafundazioa.eus\/es\/wp-json\/wp\/v2\/posts\/13143","targetHints":{"allow":["GET"]}}],"collection":[{"href":"https:\/\/www.eragintzafundazioa.eus\/es\/wp-json\/wp\/v2\/posts"}],"about":[{"href":"https:\/\/www.eragintzafundazioa.eus\/es\/wp-json\/wp\/v2\/types\/post"}],"author":[{"embeddable":true,"href":"https:\/\/www.eragintzafundazioa.eus\/es\/wp-json\/wp\/v2\/users\/2"}],"replies":[{"embeddable":true,"href":"https:\/\/www.eragintzafundazioa.eus\/es\/wp-json\/wp\/v2\/comments?post=13143"}],"version-history":[{"count":1,"href":"https:\/\/www.eragintzafundazioa.eus\/es\/wp-json\/wp\/v2\/posts\/13143\/revisions"}],"predecessor-version":[{"id":13146,"href":"https:\/\/www.eragintzafundazioa.eus\/es\/wp-json\/wp\/v2\/posts\/13143\/revisions\/13146"}],"wp:featuredmedia":[{"embeddable":true,"href":"https:\/\/www.eragintzafundazioa.eus\/es\/wp-json\/wp\/v2\/media\/13144"}],"wp:attachment":[{"href":"https:\/\/www.eragintzafundazioa.eus\/es\/wp-json\/wp\/v2\/media?parent=13143"}],"wp:term":[{"taxonomy":"category","embeddable":true,"href":"https:\/\/www.eragintzafundazioa.eus\/es\/wp-json\/wp\/v2\/categories?post=13143"},{"taxonomy":"post_tag","embeddable":true,"href":"https:\/\/www.eragintzafundazioa.eus\/es\/wp-json\/wp\/v2\/tags?post=13143"}],"curies":[{"name":"wp","href":"https:\/\/api.w.org\/{rel}","templated":true}]}}