{"id":13151,"date":"2026-04-30T12:26:45","date_gmt":"2026-04-30T12:26:45","guid":{"rendered":"https:\/\/www.eragintzafundazioa.eus\/?p=13151"},"modified":"2026-04-30T12:26:48","modified_gmt":"2026-04-30T12:26:48","slug":"eragintza-consigue-el-reconocimiento-bidean-de-los-premios-euskadi-agenda-2030","status":"publish","type":"post","link":"https:\/\/www.eragintzafundazioa.eus\/es\/2026\/04\/30\/eragintza-consigue-el-reconocimiento-bidean-de-los-premios-euskadi-agenda-2030\/","title":{"rendered":"Eragintza consigue el reconocimiento BIDEAN de los Premios Euskadi Agenda 2030"},"content":{"rendered":"\n<p>Eragintza sigue dando pasos en su compromiso con la Agenda 2030. Tras la obtenci\u00f3n del reconocimiento <em>konpromisoa<\/em> en la primera edici\u00f3n de los Premios Euskadi Agenda 2030, ahora, tras un contraste externo, ha obtenido el reconocimiento <strong><em>BIDEAN<\/em><\/strong>.&nbsp;<\/p>\n\n\n\n<p>El contraste externo consisti\u00f3 en una reuni\u00f3n entre el grupo de contraste integrado por personas del Club de Evaluaci\u00f3n ODS de EUSKALIT, expertas en temas de gesti\u00f3n avanzada y en sostenibilidad, y el equipo directivo de Eragintza, que nos aport\u00f3 una visi\u00f3n externa de gran ayuda para Eragintza de cara a poder seguir avanzando en la identificar los principales retos en este \u00e1mbito. El informe de contraste se\u00f1ala que \u201cEragintza muestra un nivel de madurez relevante al haber conectado su prop\u00f3sito con la Agenda 2030, priorizando ODS coherentes con su misi\u00f3n y, sobre todo, integrado ese enfoque en la gesti\u00f3n\u201d.<\/p>\n\n\n\n<figure class=\"wp-block-image size-large\"><img decoding=\"async\" width=\"1024\" height=\"750\" src=\"https:\/\/www.eragintzafundazioa.eus\/wp-content\/uploads\/2026\/04\/ODS_SARIA3-1024x750.jpg\" alt=\"\" class=\"wp-image-13154\" srcset=\"https:\/\/www.eragintzafundazioa.eus\/wp-content\/uploads\/2026\/04\/ODS_SARIA3-980x718.jpg 980w, https:\/\/www.eragintzafundazioa.eus\/wp-content\/uploads\/2026\/04\/ODS_SARIA3-480x352.jpg 480w\" sizes=\"(min-width: 0px) and (max-width: 480px) 480px, (min-width: 481px) and (max-width: 980px) 980px, (min-width: 981px) 1024px, 100vw\" \/><\/figure>\n\n\n\n<p>Desde Eragintza agradecemos a Euskalit y el equipo de Contraste integrado por Ainhoa Gonzales de Grupo Campezo y Nerea Obieta y Patxi Pardo de Euskalit. As\u00ed mismo, felicitamos a las 102 organizaciones de diferentes tama\u00f1os y sectores de actividad que han recibido los reconocimientos del Premio Euskadi Agenda 2030.<\/p>\n\n\n\n<p><strong>Premios Euskadi Agenda 20230<\/strong><\/p>\n\n\n\n<p>Este Premio ha sido impulsado desde la Direcci\u00f3n de Innovaci\u00f3n Social y Agenda 2030<br>de la Secretar\u00eda General de Comunicaci\u00f3n e Innovaci\u00f3n Social de Lehendakaritza, para promocionar y divulgar la importancia de integrar en la gesti\u00f3n los Objetivos de Desarrollo Sostenible como un elemento de competitividad y lograr el compromiso efectivo de las organizaciones.<\/p>\n\n\n\n<p>El prop\u00f3sito de estos reconocimientos es doble:<\/p>\n\n\n\n<ul class=\"wp-block-list\">\n<li>Identificar a las organizaciones m\u00e1s avanzadas para que sus buenas pr\u00e1cticas de gesti\u00f3n vinculadas a los ODS sirvan de est\u00edmulo y referencia a otras.<\/li>\n\n\n\n<li>Reconocer p\u00fablicamente el esfuerzo realizado por estas organizaciones y el grado de avance y contribuci\u00f3n a los ODS que han alcanzado.<\/li>\n<\/ul>\n\n\n\n<p>La obtenci\u00f3n de estos reconocimientos supone una demostraci\u00f3n previa por parte de una organizaci\u00f3n de haber alcanzado un determinado grado de avance y unos resultados. Para ello, EUSKALIT ha desarrollado una plataforma online de evaluaci\u00f3n y presta a las organizaciones y empresas el servicio de contraste externo, teniendo como referente el <strong><em>Marco para la incorporaci\u00f3n de los ODS en la gesti\u00f3n<\/em><\/strong>.<\/p>\n","protected":false},"excerpt":{"rendered":"<p>Eragintza sigue dando pasos en su compromiso con la Agenda 2030. Tras la obtenci\u00f3n del reconocimiento konpromisoa en la primera edici\u00f3n de los Premios Euskadi Agenda 2030, ahora, tras un contraste externo, ha obtenido el reconocimiento BIDEAN.&nbsp; El contraste externo consisti\u00f3 en una reuni\u00f3n entre el grupo de contraste integrado por personas del Club de [&hellip;]<\/p>\n","protected":false},"author":2,"featured_media":13152,"comment_status":"closed","ping_status":"closed","sticky":false,"template":"","format":"standard","meta":{"_acf_changed":false,"_et_pb_use_builder":"","_et_pb_old_content":"","_et_gb_content_width":"","inline_featured_image":false,"footnotes":""},"categories":[48,1],"tags":[],"class_list":["post-13151","post","type-post","status-publish","format-standard","has-post-thumbnail","hentry","category-jornadas-y-eventos-es","category-todas"],"acf":[],"yoast_head":"<!-- This site is optimized with the Yoast SEO plugin v25.9 - https:\/\/yoast.com\/wordpress\/plugins\/seo\/ -->\n<title>Eragintza consigue el reconocimiento BIDEAN de los Premios Euskadi Agenda 2030 | Eragintza Fundazioa<\/title>\n<meta name=\"robots\" content=\"index, follow, max-snippet:-1, max-image-preview:large, max-video-preview:-1\" \/>\n<link rel=\"canonical\" href=\"https:\/\/www.eragintzafundazioa.eus\/es\/2026\/04\/30\/eragintza-consigue-el-reconocimiento-bidean-de-los-premios-euskadi-agenda-2030\/\" \/>\n<meta property=\"og:locale\" content=\"es_ES\" \/>\n<meta property=\"og:type\" content=\"article\" \/>\n<meta property=\"og:title\" content=\"Eragintza consigue el reconocimiento BIDEAN de los Premios Euskadi Agenda 2030 | Eragintza Fundazioa\" \/>\n<meta property=\"og:description\" content=\"Eragintza sigue dando pasos en su compromiso con la Agenda 2030. Tras la obtenci\u00f3n del reconocimiento konpromisoa en la primera edici\u00f3n de los Premios Euskadi Agenda 2030, ahora, tras un contraste externo, ha obtenido el reconocimiento BIDEAN.&nbsp; El contraste externo consisti\u00f3 en una reuni\u00f3n entre el grupo de contraste integrado por personas del Club de [&hellip;]\" \/>\n<meta property=\"og:url\" content=\"https:\/\/www.eragintzafundazioa.eus\/es\/2026\/04\/30\/eragintza-consigue-el-reconocimiento-bidean-de-los-premios-euskadi-agenda-2030\/\" \/>\n<meta property=\"og:site_name\" content=\"Eragintza Fundazioa\" \/>\n<meta property=\"article:publisher\" content=\"https:\/\/www.facebook.com\/EragintzaFund\/\" \/>\n<meta property=\"article:published_time\" content=\"2026-04-30T12:26:45+00:00\" \/>\n<meta property=\"article:modified_time\" content=\"2026-04-30T12:26:48+00:00\" \/>\n<meta property=\"og:image\" content=\"https:\/\/www.eragintzafundazioa.eus\/wp-content\/uploads\/2026\/04\/ODS_SARIA2.jpeg\" \/>\n\t<meta property=\"og:image:width\" content=\"1502\" \/>\n\t<meta property=\"og:image:height\" content=\"847\" \/>\n\t<meta property=\"og:image:type\" content=\"image\/jpeg\" \/>\n<meta name=\"author\" content=\"Eragintza Fundazioa\" \/>\n<meta name=\"twitter:card\" content=\"summary_large_image\" \/>\n<meta name=\"twitter:label1\" content=\"Escrito por\" \/>\n\t<meta name=\"twitter:data1\" content=\"Eragintza Fundazioa\" \/>\n\t<meta name=\"twitter:label2\" content=\"Tiempo de lectura\" \/>\n\t<meta name=\"twitter:data2\" content=\"3 minutos\" \/>\n<script type=\"application\/ld+json\" class=\"yoast-schema-graph\">{\"@context\":\"https:\/\/schema.org\",\"@graph\":[{\"@type\":\"Article\",\"@id\":\"https:\/\/www.eragintzafundazioa.eus\/es\/2026\/04\/30\/eragintza-consigue-el-reconocimiento-bidean-de-los-premios-euskadi-agenda-2030\/#article\",\"isPartOf\":{\"@id\":\"https:\/\/www.eragintzafundazioa.eus\/es\/2026\/04\/30\/eragintza-consigue-el-reconocimiento-bidean-de-los-premios-euskadi-agenda-2030\/\"},\"author\":{\"name\":\"Eragintza Fundazioa\",\"@id\":\"https:\/\/www.eragintzafundazioa.eus\/#\/schema\/person\/829b230c08bbb729c04fdf908bd8e8d5\"},\"headline\":\"Eragintza consigue el reconocimiento BIDEAN de los Premios Euskadi Agenda 2030\",\"datePublished\":\"2026-04-30T12:26:45+00:00\",\"dateModified\":\"2026-04-30T12:26:48+00:00\",\"mainEntityOfPage\":{\"@id\":\"https:\/\/www.eragintzafundazioa.eus\/es\/2026\/04\/30\/eragintza-consigue-el-reconocimiento-bidean-de-los-premios-euskadi-agenda-2030\/\"},\"wordCount\":391,\"publisher\":{\"@id\":\"https:\/\/www.eragintzafundazioa.eus\/#organization\"},\"image\":{\"@id\":\"https:\/\/www.eragintzafundazioa.eus\/es\/2026\/04\/30\/eragintza-consigue-el-reconocimiento-bidean-de-los-premios-euskadi-agenda-2030\/#primaryimage\"},\"thumbnailUrl\":\"https:\/\/www.eragintzafundazioa.eus\/wp-content\/uploads\/2026\/04\/ODS_SARIA2.jpeg\",\"articleSection\":[\"Jornadas y eventos\",\"Todas\"],\"inLanguage\":\"es\"},{\"@type\":\"WebPage\",\"@id\":\"https:\/\/www.eragintzafundazioa.eus\/es\/2026\/04\/30\/eragintza-consigue-el-reconocimiento-bidean-de-los-premios-euskadi-agenda-2030\/\",\"url\":\"https:\/\/www.eragintzafundazioa.eus\/es\/2026\/04\/30\/eragintza-consigue-el-reconocimiento-bidean-de-los-premios-euskadi-agenda-2030\/\",\"name\":\"Eragintza consigue el reconocimiento BIDEAN de los Premios Euskadi Agenda 2030 | Eragintza Fundazioa\",\"isPartOf\":{\"@id\":\"https:\/\/www.eragintzafundazioa.eus\/#website\"},\"primaryImageOfPage\":{\"@id\":\"https:\/\/www.eragintzafundazioa.eus\/es\/2026\/04\/30\/eragintza-consigue-el-reconocimiento-bidean-de-los-premios-euskadi-agenda-2030\/#primaryimage\"},\"image\":{\"@id\":\"https:\/\/www.eragintzafundazioa.eus\/es\/2026\/04\/30\/eragintza-consigue-el-reconocimiento-bidean-de-los-premios-euskadi-agenda-2030\/#primaryimage\"},\"thumbnailUrl\":\"https:\/\/www.eragintzafundazioa.eus\/wp-content\/uploads\/2026\/04\/ODS_SARIA2.jpeg\",\"datePublished\":\"2026-04-30T12:26:45+00:00\",\"dateModified\":\"2026-04-30T12:26:48+00:00\",\"breadcrumb\":{\"@id\":\"https:\/\/www.eragintzafundazioa.eus\/es\/2026\/04\/30\/eragintza-consigue-el-reconocimiento-bidean-de-los-premios-euskadi-agenda-2030\/#breadcrumb\"},\"inLanguage\":\"es\",\"potentialAction\":[{\"@type\":\"ReadAction\",\"target\":[\"https:\/\/www.eragintzafundazioa.eus\/es\/2026\/04\/30\/eragintza-consigue-el-reconocimiento-bidean-de-los-premios-euskadi-agenda-2030\/\"]}]},{\"@type\":\"ImageObject\",\"inLanguage\":\"es\",\"@id\":\"https:\/\/www.eragintzafundazioa.eus\/es\/2026\/04\/30\/eragintza-consigue-el-reconocimiento-bidean-de-los-premios-euskadi-agenda-2030\/#primaryimage\",\"url\":\"https:\/\/www.eragintzafundazioa.eus\/wp-content\/uploads\/2026\/04\/ODS_SARIA2.jpeg\",\"contentUrl\":\"https:\/\/www.eragintzafundazioa.eus\/wp-content\/uploads\/2026\/04\/ODS_SARIA2.jpeg\",\"width\":1502,\"height\":847},{\"@type\":\"BreadcrumbList\",\"@id\":\"https:\/\/www.eragintzafundazioa.eus\/es\/2026\/04\/30\/eragintza-consigue-el-reconocimiento-bidean-de-los-premios-euskadi-agenda-2030\/#breadcrumb\",\"itemListElement\":[{\"@type\":\"ListItem\",\"position\":1,\"name\":\"Home\",\"item\":\"https:\/\/www.eragintzafundazioa.eus\/\"},{\"@type\":\"ListItem\",\"position\":2,\"name\":\"Eragintza consigue el reconocimiento BIDEAN de los Premios Euskadi Agenda 2030\"}]},{\"@type\":\"WebSite\",\"@id\":\"https:\/\/www.eragintzafundazioa.eus\/#website\",\"url\":\"https:\/\/www.eragintzafundazioa.eus\/\",\"name\":\"Eragintza Fundazioa\",\"description\":\"\",\"publisher\":{\"@id\":\"https:\/\/www.eragintzafundazioa.eus\/#organization\"},\"potentialAction\":[{\"@type\":\"SearchAction\",\"target\":{\"@type\":\"EntryPoint\",\"urlTemplate\":\"https:\/\/www.eragintzafundazioa.eus\/?s={search_term_string}\"},\"query-input\":{\"@type\":\"PropertyValueSpecification\",\"valueRequired\":true,\"valueName\":\"search_term_string\"}}],\"inLanguage\":\"es\"},{\"@type\":\"Organization\",\"@id\":\"https:\/\/www.eragintzafundazioa.eus\/#organization\",\"name\":\"Eragintza Fundazioa\",\"url\":\"https:\/\/www.eragintzafundazioa.eus\/\",\"logo\":{\"@type\":\"ImageObject\",\"inLanguage\":\"es\",\"@id\":\"https:\/\/www.eragintzafundazioa.eus\/#\/schema\/logo\/image\/\",\"url\":\"https:\/\/eragintzafundazioa.eus\/wp-content\/uploads\/2024\/04\/logo2-1.png\",\"contentUrl\":\"https:\/\/eragintzafundazioa.eus\/wp-content\/uploads\/2024\/04\/logo2-1.png\",\"width\":496,\"height\":153,\"caption\":\"Eragintza Fundazioa\"},\"image\":{\"@id\":\"https:\/\/www.eragintzafundazioa.eus\/#\/schema\/logo\/image\/\"},\"sameAs\":[\"https:\/\/www.facebook.com\/EragintzaFund\/\",\"https:\/\/www.instagram.com\/eragintzafund\/\",\"https:\/\/es.linkedin.com\/company\/eragintzafund\",\"https:\/\/www.youtube.com\/@EragintzaFund\/videos\"]},{\"@type\":\"Person\",\"@id\":\"https:\/\/www.eragintzafundazioa.eus\/#\/schema\/person\/829b230c08bbb729c04fdf908bd8e8d5\",\"name\":\"Eragintza Fundazioa\",\"image\":{\"@type\":\"ImageObject\",\"inLanguage\":\"es\",\"@id\":\"https:\/\/www.eragintzafundazioa.eus\/#\/schema\/person\/image\/\",\"url\":\"https:\/\/secure.gravatar.com\/avatar\/01ea0cedfbaccd08efef7d4ea96236fd776db972ec1b6cb7c259fe94644aeefe?s=96&d=mm&r=g\",\"contentUrl\":\"https:\/\/secure.gravatar.com\/avatar\/01ea0cedfbaccd08efef7d4ea96236fd776db972ec1b6cb7c259fe94644aeefe?s=96&d=mm&r=g\",\"caption\":\"Eragintza Fundazioa\"},\"sameAs\":[\"https:\/\/eragintzafundazioa.eus\"],\"url\":\"https:\/\/www.eragintzafundazioa.eus\/es\/author\/eragintza-fundazioa\/\"}]}<\/script>\n<!-- \/ Yoast SEO plugin. -->","yoast_head_json":{"title":"Eragintza consigue el reconocimiento BIDEAN de los Premios Euskadi Agenda 2030 | Eragintza Fundazioa","robots":{"index":"index","follow":"follow","max-snippet":"max-snippet:-1","max-image-preview":"max-image-preview:large","max-video-preview":"max-video-preview:-1"},"canonical":"https:\/\/www.eragintzafundazioa.eus\/es\/2026\/04\/30\/eragintza-consigue-el-reconocimiento-bidean-de-los-premios-euskadi-agenda-2030\/","og_locale":"es_ES","og_type":"article","og_title":"Eragintza consigue el reconocimiento BIDEAN de los Premios Euskadi Agenda 2030 | Eragintza Fundazioa","og_description":"Eragintza sigue dando pasos en su compromiso con la Agenda 2030. Tras la obtenci\u00f3n del reconocimiento konpromisoa en la primera edici\u00f3n de los Premios Euskadi Agenda 2030, ahora, tras un contraste externo, ha obtenido el reconocimiento BIDEAN.&nbsp; El contraste externo consisti\u00f3 en una reuni\u00f3n entre el grupo de contraste integrado por personas del Club de [&hellip;]","og_url":"https:\/\/www.eragintzafundazioa.eus\/es\/2026\/04\/30\/eragintza-consigue-el-reconocimiento-bidean-de-los-premios-euskadi-agenda-2030\/","og_site_name":"Eragintza Fundazioa","article_publisher":"https:\/\/www.facebook.com\/EragintzaFund\/","article_published_time":"2026-04-30T12:26:45+00:00","article_modified_time":"2026-04-30T12:26:48+00:00","og_image":[{"width":1502,"height":847,"url":"https:\/\/www.eragintzafundazioa.eus\/wp-content\/uploads\/2026\/04\/ODS_SARIA2.jpeg","type":"image\/jpeg"}],"author":"Eragintza Fundazioa","twitter_card":"summary_large_image","twitter_misc":{"Escrito por":"Eragintza Fundazioa","Tiempo de lectura":"3 minutos"},"schema":{"@context":"https:\/\/schema.org","@graph":[{"@type":"Article","@id":"https:\/\/www.eragintzafundazioa.eus\/es\/2026\/04\/30\/eragintza-consigue-el-reconocimiento-bidean-de-los-premios-euskadi-agenda-2030\/#article","isPartOf":{"@id":"https:\/\/www.eragintzafundazioa.eus\/es\/2026\/04\/30\/eragintza-consigue-el-reconocimiento-bidean-de-los-premios-euskadi-agenda-2030\/"},"author":{"name":"Eragintza Fundazioa","@id":"https:\/\/www.eragintzafundazioa.eus\/#\/schema\/person\/829b230c08bbb729c04fdf908bd8e8d5"},"headline":"Eragintza consigue el reconocimiento BIDEAN de los Premios Euskadi Agenda 2030","datePublished":"2026-04-30T12:26:45+00:00","dateModified":"2026-04-30T12:26:48+00:00","mainEntityOfPage":{"@id":"https:\/\/www.eragintzafundazioa.eus\/es\/2026\/04\/30\/eragintza-consigue-el-reconocimiento-bidean-de-los-premios-euskadi-agenda-2030\/"},"wordCount":391,"publisher":{"@id":"https:\/\/www.eragintzafundazioa.eus\/#organization"},"image":{"@id":"https:\/\/www.eragintzafundazioa.eus\/es\/2026\/04\/30\/eragintza-consigue-el-reconocimiento-bidean-de-los-premios-euskadi-agenda-2030\/#primaryimage"},"thumbnailUrl":"https:\/\/www.eragintzafundazioa.eus\/wp-content\/uploads\/2026\/04\/ODS_SARIA2.jpeg","articleSection":["Jornadas y eventos","Todas"],"inLanguage":"es"},{"@type":"WebPage","@id":"https:\/\/www.eragintzafundazioa.eus\/es\/2026\/04\/30\/eragintza-consigue-el-reconocimiento-bidean-de-los-premios-euskadi-agenda-2030\/","url":"https:\/\/www.eragintzafundazioa.eus\/es\/2026\/04\/30\/eragintza-consigue-el-reconocimiento-bidean-de-los-premios-euskadi-agenda-2030\/","name":"Eragintza consigue el reconocimiento BIDEAN de los Premios Euskadi Agenda 2030 | Eragintza Fundazioa","isPartOf":{"@id":"https:\/\/www.eragintzafundazioa.eus\/#website"},"primaryImageOfPage":{"@id":"https:\/\/www.eragintzafundazioa.eus\/es\/2026\/04\/30\/eragintza-consigue-el-reconocimiento-bidean-de-los-premios-euskadi-agenda-2030\/#primaryimage"},"image":{"@id":"https:\/\/www.eragintzafundazioa.eus\/es\/2026\/04\/30\/eragintza-consigue-el-reconocimiento-bidean-de-los-premios-euskadi-agenda-2030\/#primaryimage"},"thumbnailUrl":"https:\/\/www.eragintzafundazioa.eus\/wp-content\/uploads\/2026\/04\/ODS_SARIA2.jpeg","datePublished":"2026-04-30T12:26:45+00:00","dateModified":"2026-04-30T12:26:48+00:00","breadcrumb":{"@id":"https:\/\/www.eragintzafundazioa.eus\/es\/2026\/04\/30\/eragintza-consigue-el-reconocimiento-bidean-de-los-premios-euskadi-agenda-2030\/#breadcrumb"},"inLanguage":"es","potentialAction":[{"@type":"ReadAction","target":["https:\/\/www.eragintzafundazioa.eus\/es\/2026\/04\/30\/eragintza-consigue-el-reconocimiento-bidean-de-los-premios-euskadi-agenda-2030\/"]}]},{"@type":"ImageObject","inLanguage":"es","@id":"https:\/\/www.eragintzafundazioa.eus\/es\/2026\/04\/30\/eragintza-consigue-el-reconocimiento-bidean-de-los-premios-euskadi-agenda-2030\/#primaryimage","url":"https:\/\/www.eragintzafundazioa.eus\/wp-content\/uploads\/2026\/04\/ODS_SARIA2.jpeg","contentUrl":"https:\/\/www.eragintzafundazioa.eus\/wp-content\/uploads\/2026\/04\/ODS_SARIA2.jpeg","width":1502,"height":847},{"@type":"BreadcrumbList","@id":"https:\/\/www.eragintzafundazioa.eus\/es\/2026\/04\/30\/eragintza-consigue-el-reconocimiento-bidean-de-los-premios-euskadi-agenda-2030\/#breadcrumb","itemListElement":[{"@type":"ListItem","position":1,"name":"Home","item":"https:\/\/www.eragintzafundazioa.eus\/"},{"@type":"ListItem","position":2,"name":"Eragintza consigue el reconocimiento BIDEAN de los Premios Euskadi Agenda 2030"}]},{"@type":"WebSite","@id":"https:\/\/www.eragintzafundazioa.eus\/#website","url":"https:\/\/www.eragintzafundazioa.eus\/","name":"Eragintza Fundazioa","description":"","publisher":{"@id":"https:\/\/www.eragintzafundazioa.eus\/#organization"},"potentialAction":[{"@type":"SearchAction","target":{"@type":"EntryPoint","urlTemplate":"https:\/\/www.eragintzafundazioa.eus\/?s={search_term_string}"},"query-input":{"@type":"PropertyValueSpecification","valueRequired":true,"valueName":"search_term_string"}}],"inLanguage":"es"},{"@type":"Organization","@id":"https:\/\/www.eragintzafundazioa.eus\/#organization","name":"Eragintza Fundazioa","url":"https:\/\/www.eragintzafundazioa.eus\/","logo":{"@type":"ImageObject","inLanguage":"es","@id":"https:\/\/www.eragintzafundazioa.eus\/#\/schema\/logo\/image\/","url":"https:\/\/eragintzafundazioa.eus\/wp-content\/uploads\/2024\/04\/logo2-1.png","contentUrl":"https:\/\/eragintzafundazioa.eus\/wp-content\/uploads\/2024\/04\/logo2-1.png","width":496,"height":153,"caption":"Eragintza Fundazioa"},"image":{"@id":"https:\/\/www.eragintzafundazioa.eus\/#\/schema\/logo\/image\/"},"sameAs":["https:\/\/www.facebook.com\/EragintzaFund\/","https:\/\/www.instagram.com\/eragintzafund\/","https:\/\/es.linkedin.com\/company\/eragintzafund","https:\/\/www.youtube.com\/@EragintzaFund\/videos"]},{"@type":"Person","@id":"https:\/\/www.eragintzafundazioa.eus\/#\/schema\/person\/829b230c08bbb729c04fdf908bd8e8d5","name":"Eragintza Fundazioa","image":{"@type":"ImageObject","inLanguage":"es","@id":"https:\/\/www.eragintzafundazioa.eus\/#\/schema\/person\/image\/","url":"https:\/\/secure.gravatar.com\/avatar\/01ea0cedfbaccd08efef7d4ea96236fd776db972ec1b6cb7c259fe94644aeefe?s=96&d=mm&r=g","contentUrl":"https:\/\/secure.gravatar.com\/avatar\/01ea0cedfbaccd08efef7d4ea96236fd776db972ec1b6cb7c259fe94644aeefe?s=96&d=mm&r=g","caption":"Eragintza Fundazioa"},"sameAs":["https:\/\/eragintzafundazioa.eus"],"url":"https:\/\/www.eragintzafundazioa.eus\/es\/author\/eragintza-fundazioa\/"}]}},"_links":{"self":[{"href":"https:\/\/www.eragintzafundazioa.eus\/es\/wp-json\/wp\/v2\/posts\/13151","targetHints":{"allow":["GET"]}}],"collection":[{"href":"https:\/\/www.eragintzafundazioa.eus\/es\/wp-json\/wp\/v2\/posts"}],"about":[{"href":"https:\/\/www.eragintzafundazioa.eus\/es\/wp-json\/wp\/v2\/types\/post"}],"author":[{"embeddable":true,"href":"https:\/\/www.eragintzafundazioa.eus\/es\/wp-json\/wp\/v2\/users\/2"}],"replies":[{"embeddable":true,"href":"https:\/\/www.eragintzafundazioa.eus\/es\/wp-json\/wp\/v2\/comments?post=13151"}],"version-history":[{"count":1,"href":"https:\/\/www.eragintzafundazioa.eus\/es\/wp-json\/wp\/v2\/posts\/13151\/revisions"}],"predecessor-version":[{"id":13156,"href":"https:\/\/www.eragintzafundazioa.eus\/es\/wp-json\/wp\/v2\/posts\/13151\/revisions\/13156"}],"wp:featuredmedia":[{"embeddable":true,"href":"https:\/\/www.eragintzafundazioa.eus\/es\/wp-json\/wp\/v2\/media\/13152"}],"wp:attachment":[{"href":"https:\/\/www.eragintzafundazioa.eus\/es\/wp-json\/wp\/v2\/media?parent=13151"}],"wp:term":[{"taxonomy":"category","embeddable":true,"href":"https:\/\/www.eragintzafundazioa.eus\/es\/wp-json\/wp\/v2\/categories?post=13151"},{"taxonomy":"post_tag","embeddable":true,"href":"https:\/\/www.eragintzafundazioa.eus\/es\/wp-json\/wp\/v2\/tags?post=13151"}],"curies":[{"name":"wp","href":"https:\/\/api.w.org\/{rel}","templated":true}]}}