{"id":13506,"date":"2026-09-02T11:13:01","date_gmt":"2026-09-02T11:13:01","guid":{"rendered":"https:\/\/www.eragintzafundazioa.eus\/?p=13506"},"modified":"2026-09-04T11:13:52","modified_gmt":"2026-09-04T11:13:52","slug":"eragintza-retoma-su-actividad-tras-el-verano-con-todos-sus-servicios-en-marcha","status":"publish","type":"post","link":"https:\/\/www.eragintzafundazioa.eus\/es\/2026\/09\/02\/eragintza-retoma-su-actividad-tras-el-verano-con-todos-sus-servicios-en-marcha\/","title":{"rendered":"Eragintza retoma su actividad tras el verano con todos sus servicios en marcha"},"content":{"rendered":"\n<p class=\"wp-block-paragraph\">Eragintza Fundazioa vuelve a la actividad habitual tras el periodo vacacional.<\/p>\n\n\n\n<p class=\"wp-block-paragraph\">Tras las vacaciones de verano, Eragintza Fundazioa retoma su actividad con todos sus servicios plenamente operativos. Los programas de orientaci\u00f3n psicol\u00f3gica y laboral, los centros ocupacionales y los programas Ibilbide, Bideratu, envejecimiento activo y Saretu vuelven a desarrollar su actividad con el objetivo de seguir acompa\u00f1ando a las personas en sus procesos de inserci\u00f3n sociolaboral.<\/p>\n\n\n\n<p class=\"wp-block-paragraph\">Adem\u00e1s, el 2 de septiembre se han puesto en marcha los m\u00f3dulos de activaci\u00f3n pre-laboral, que se desarrollar\u00e1n hasta diciembre. Estos m\u00f3dulos est\u00e1n dirigidos a personas que se encuentran en una fase inicial de su proceso de incorporaci\u00f3n al \u00e1mbito laboral y tienen como finalidad facilitar el desarrollo de competencias, h\u00e1bitos y recursos necesarios para avanzar hacia futuras oportunidades de empleo.<\/p>\n\n\n\n<p class=\"wp-block-paragraph\">Las personas interesadas en participar en alguno de estos m\u00f3dulos pueden ponerse en contacto con Eragintza Fundazioa a trav\u00e9s del correo electr\u00f3nico <a href=\"mailto:eragintza@eragintzafundazioa.eus\">eragintza@eragintzafundazioa.eus<\/a> o por tel\u00e9fono.<\/p>\n\n\n\n<p class=\"wp-block-paragraph\"><strong>Recursos adaptados a cada persona<\/strong><\/p>\n\n\n\n<p class=\"wp-block-paragraph\">El objetivo de Eragintza Fundazioa es acompa\u00f1ar a las personas con problemas de salud mental en sus procesos de inserci\u00f3n sociolaboral, ofreciendo los apoyos y recursos necesarios en funci\u00f3n de las necesidades y circunstancias de cada persona.<\/p>\n\n\n\n<p class=\"wp-block-paragraph\">La diversidad de perfiles y situaciones hace que cada proceso sea diferente. Por este motivo, en Eragintza se trabaja a partir de itinerarios personalizados, dise\u00f1ados de acuerdo con la realidad, las capacidades y los objetivos de cada persona. En estos itinerarios se establecen conjuntamente los pasos a seguir para avanzar progresivamente en el proceso individual de inserci\u00f3n sociolaboral.<\/p>\n\n\n\n<p class=\"wp-block-paragraph\">En este sentido adem\u00e1s de la labor en los centros ocupacionales de jardiner\u00eda, lavander\u00eda, cableado y encuadernaci\u00f3n, el Centro Especial de Empleo de lavander\u00eda -Lavanindu- o la orientaci\u00f3n laboral y la exploraci\u00f3n de v\u00edas que posibiliten la inserci\u00f3n al mercado laboral protegido u ordinario, llevamos a cabo m\u00f3dulos de activaci\u00f3n pre-laboral, de cara a iniciar este recorrido.<\/p>\n\n\n\n<p class=\"wp-block-paragraph\">Con la vuelta a la actividad tras el verano, Eragintza contin\u00faa as\u00ed trabajando para ofrecer acompa\u00f1amiento personalizado y oportunidades de desarrollo sociolaboral, adapt\u00e1ndose a las necesidades de cada persona y favoreciendo procesos de inserci\u00f3n laboral y participaci\u00f3n activa en la sociedad.<\/p>\n","protected":false},"excerpt":{"rendered":"<p>Eragintza Fundazioa vuelve a la actividad habitual tras el periodo vacacional. Tras las vacaciones de verano, Eragintza Fundazioa retoma su actividad con todos sus servicios plenamente operativos. Los programas de orientaci\u00f3n psicol\u00f3gica y laboral, los centros ocupacionales y los programas Ibilbide, Bideratu, envejecimiento activo y Saretu vuelven a desarrollar su actividad con el objetivo de [&hellip;]<\/p>\n","protected":false},"author":2,"featured_media":13509,"comment_status":"closed","ping_status":"closed","sticky":false,"template":"","format":"standard","meta":{"_acf_changed":false,"_et_pb_use_builder":"","_et_pb_old_content":"","_et_gb_content_width":"","inline_featured_image":false,"footnotes":""},"categories":[1],"tags":[],"class_list":["post-13506","post","type-post","status-publish","format-standard","has-post-thumbnail","hentry","category-todas"],"acf":[],"yoast_head":"<!-- This site is optimized with the Yoast SEO plugin v25.9 - https:\/\/yoast.com\/wordpress\/plugins\/seo\/ -->\n<title>Eragintza retoma su actividad tras el verano con todos sus servicios en marcha | Eragintza Fundazioa<\/title>\n<meta name=\"robots\" content=\"index, follow, max-snippet:-1, max-image-preview:large, max-video-preview:-1\" \/>\n<link rel=\"canonical\" href=\"https:\/\/www.eragintzafundazioa.eus\/es\/2026\/09\/02\/eragintza-retoma-su-actividad-tras-el-verano-con-todos-sus-servicios-en-marcha\/\" \/>\n<meta property=\"og:locale\" content=\"es_ES\" \/>\n<meta property=\"og:type\" content=\"article\" \/>\n<meta property=\"og:title\" content=\"Eragintza retoma su actividad tras el verano con todos sus servicios en marcha | Eragintza Fundazioa\" \/>\n<meta property=\"og:description\" content=\"Eragintza Fundazioa vuelve a la actividad habitual tras el periodo vacacional. Tras las vacaciones de verano, Eragintza Fundazioa retoma su actividad con todos sus servicios plenamente operativos. Los programas de orientaci\u00f3n psicol\u00f3gica y laboral, los centros ocupacionales y los programas Ibilbide, Bideratu, envejecimiento activo y Saretu vuelven a desarrollar su actividad con el objetivo de [&hellip;]\" \/>\n<meta property=\"og:url\" content=\"https:\/\/www.eragintzafundazioa.eus\/es\/2026\/09\/02\/eragintza-retoma-su-actividad-tras-el-verano-con-todos-sus-servicios-en-marcha\/\" \/>\n<meta property=\"og:site_name\" content=\"Eragintza Fundazioa\" \/>\n<meta property=\"article:publisher\" content=\"https:\/\/www.facebook.com\/EragintzaFund\/\" \/>\n<meta property=\"article:published_time\" content=\"2026-09-02T11:13:01+00:00\" \/>\n<meta property=\"article:modified_time\" content=\"2026-09-04T11:13:52+00:00\" \/>\n<meta property=\"og:image\" content=\"https:\/\/www.eragintzafundazioa.eus\/wp-content\/uploads\/2026\/09\/COhasiera.jpg\" \/>\n\t<meta property=\"og:image:width\" content=\"1196\" \/>\n\t<meta property=\"og:image:height\" content=\"639\" \/>\n\t<meta property=\"og:image:type\" content=\"image\/jpeg\" \/>\n<meta name=\"author\" content=\"Eragintza Fundazioa\" \/>\n<meta name=\"twitter:card\" content=\"summary_large_image\" \/>\n<meta name=\"twitter:label1\" content=\"Written by\" \/>\n\t<meta name=\"twitter:data1\" content=\"Eragintza Fundazioa\" \/>\n\t<meta name=\"twitter:label2\" content=\"Est. reading time\" \/>\n\t<meta name=\"twitter:data2\" content=\"2 minutos\" \/>\n<script type=\"application\/ld+json\" class=\"yoast-schema-graph\">{\"@context\":\"https:\/\/schema.org\",\"@graph\":[{\"@type\":\"Article\",\"@id\":\"https:\/\/www.eragintzafundazioa.eus\/es\/2026\/09\/02\/eragintza-retoma-su-actividad-tras-el-verano-con-todos-sus-servicios-en-marcha\/#article\",\"isPartOf\":{\"@id\":\"https:\/\/www.eragintzafundazioa.eus\/es\/2026\/09\/02\/eragintza-retoma-su-actividad-tras-el-verano-con-todos-sus-servicios-en-marcha\/\"},\"author\":{\"name\":\"Eragintza Fundazioa\",\"@id\":\"https:\/\/www.eragintzafundazioa.eus\/#\/schema\/person\/829b230c08bbb729c04fdf908bd8e8d5\"},\"headline\":\"Eragintza retoma su actividad tras el verano con todos sus servicios en marcha\",\"datePublished\":\"2026-09-02T11:13:01+00:00\",\"dateModified\":\"2026-09-04T11:13:52+00:00\",\"mainEntityOfPage\":{\"@id\":\"https:\/\/www.eragintzafundazioa.eus\/es\/2026\/09\/02\/eragintza-retoma-su-actividad-tras-el-verano-con-todos-sus-servicios-en-marcha\/\"},\"wordCount\":402,\"publisher\":{\"@id\":\"https:\/\/www.eragintzafundazioa.eus\/#organization\"},\"image\":{\"@id\":\"https:\/\/www.eragintzafundazioa.eus\/es\/2026\/09\/02\/eragintza-retoma-su-actividad-tras-el-verano-con-todos-sus-servicios-en-marcha\/#primaryimage\"},\"thumbnailUrl\":\"https:\/\/www.eragintzafundazioa.eus\/wp-content\/uploads\/2026\/09\/COhasiera.jpg\",\"articleSection\":[\"Todas\"],\"inLanguage\":\"es\"},{\"@type\":\"WebPage\",\"@id\":\"https:\/\/www.eragintzafundazioa.eus\/es\/2026\/09\/02\/eragintza-retoma-su-actividad-tras-el-verano-con-todos-sus-servicios-en-marcha\/\",\"url\":\"https:\/\/www.eragintzafundazioa.eus\/es\/2026\/09\/02\/eragintza-retoma-su-actividad-tras-el-verano-con-todos-sus-servicios-en-marcha\/\",\"name\":\"Eragintza retoma su actividad tras el verano con todos sus servicios en marcha | Eragintza Fundazioa\",\"isPartOf\":{\"@id\":\"https:\/\/www.eragintzafundazioa.eus\/#website\"},\"primaryImageOfPage\":{\"@id\":\"https:\/\/www.eragintzafundazioa.eus\/es\/2026\/09\/02\/eragintza-retoma-su-actividad-tras-el-verano-con-todos-sus-servicios-en-marcha\/#primaryimage\"},\"image\":{\"@id\":\"https:\/\/www.eragintzafundazioa.eus\/es\/2026\/09\/02\/eragintza-retoma-su-actividad-tras-el-verano-con-todos-sus-servicios-en-marcha\/#primaryimage\"},\"thumbnailUrl\":\"https:\/\/www.eragintzafundazioa.eus\/wp-content\/uploads\/2026\/09\/COhasiera.jpg\",\"datePublished\":\"2026-09-02T11:13:01+00:00\",\"dateModified\":\"2026-09-04T11:13:52+00:00\",\"breadcrumb\":{\"@id\":\"https:\/\/www.eragintzafundazioa.eus\/es\/2026\/09\/02\/eragintza-retoma-su-actividad-tras-el-verano-con-todos-sus-servicios-en-marcha\/#breadcrumb\"},\"inLanguage\":\"es\",\"potentialAction\":[{\"@type\":\"ReadAction\",\"target\":[\"https:\/\/www.eragintzafundazioa.eus\/es\/2026\/09\/02\/eragintza-retoma-su-actividad-tras-el-verano-con-todos-sus-servicios-en-marcha\/\"]}]},{\"@type\":\"ImageObject\",\"inLanguage\":\"es\",\"@id\":\"https:\/\/www.eragintzafundazioa.eus\/es\/2026\/09\/02\/eragintza-retoma-su-actividad-tras-el-verano-con-todos-sus-servicios-en-marcha\/#primaryimage\",\"url\":\"https:\/\/www.eragintzafundazioa.eus\/wp-content\/uploads\/2026\/09\/COhasiera.jpg\",\"contentUrl\":\"https:\/\/www.eragintzafundazioa.eus\/wp-content\/uploads\/2026\/09\/COhasiera.jpg\",\"width\":1196,\"height\":639},{\"@type\":\"BreadcrumbList\",\"@id\":\"https:\/\/www.eragintzafundazioa.eus\/es\/2026\/09\/02\/eragintza-retoma-su-actividad-tras-el-verano-con-todos-sus-servicios-en-marcha\/#breadcrumb\",\"itemListElement\":[{\"@type\":\"ListItem\",\"position\":1,\"name\":\"Home\",\"item\":\"https:\/\/www.eragintzafundazioa.eus\/\"},{\"@type\":\"ListItem\",\"position\":2,\"name\":\"Eragintza retoma su actividad tras el verano con todos sus servicios en marcha\"}]},{\"@type\":\"WebSite\",\"@id\":\"https:\/\/www.eragintzafundazioa.eus\/#website\",\"url\":\"https:\/\/www.eragintzafundazioa.eus\/\",\"name\":\"Eragintza Fundazioa\",\"description\":\"\",\"publisher\":{\"@id\":\"https:\/\/www.eragintzafundazioa.eus\/#organization\"},\"potentialAction\":[{\"@type\":\"SearchAction\",\"target\":{\"@type\":\"EntryPoint\",\"urlTemplate\":\"https:\/\/www.eragintzafundazioa.eus\/?s={search_term_string}\"},\"query-input\":{\"@type\":\"PropertyValueSpecification\",\"valueRequired\":true,\"valueName\":\"search_term_string\"}}],\"inLanguage\":\"es\"},{\"@type\":\"Organization\",\"@id\":\"https:\/\/www.eragintzafundazioa.eus\/#organization\",\"name\":\"Eragintza Fundazioa\",\"url\":\"https:\/\/www.eragintzafundazioa.eus\/\",\"logo\":{\"@type\":\"ImageObject\",\"inLanguage\":\"es\",\"@id\":\"https:\/\/www.eragintzafundazioa.eus\/#\/schema\/logo\/image\/\",\"url\":\"https:\/\/eragintzafundazioa.eus\/wp-content\/uploads\/2024\/04\/logo2-1.png\",\"contentUrl\":\"https:\/\/eragintzafundazioa.eus\/wp-content\/uploads\/2024\/04\/logo2-1.png\",\"width\":496,\"height\":153,\"caption\":\"Eragintza Fundazioa\"},\"image\":{\"@id\":\"https:\/\/www.eragintzafundazioa.eus\/#\/schema\/logo\/image\/\"},\"sameAs\":[\"https:\/\/www.facebook.com\/EragintzaFund\/\",\"https:\/\/www.instagram.com\/eragintzafund\/\",\"https:\/\/es.linkedin.com\/company\/eragintzafund\",\"https:\/\/www.youtube.com\/@EragintzaFund\/videos\"]},{\"@type\":\"Person\",\"@id\":\"https:\/\/www.eragintzafundazioa.eus\/#\/schema\/person\/829b230c08bbb729c04fdf908bd8e8d5\",\"name\":\"Eragintza Fundazioa\",\"image\":{\"@type\":\"ImageObject\",\"inLanguage\":\"es\",\"@id\":\"https:\/\/www.eragintzafundazioa.eus\/#\/schema\/person\/image\/\",\"url\":\"https:\/\/secure.gravatar.com\/avatar\/01ea0cedfbaccd08efef7d4ea96236fd776db972ec1b6cb7c259fe94644aeefe?s=96&d=mm&r=g\",\"contentUrl\":\"https:\/\/secure.gravatar.com\/avatar\/01ea0cedfbaccd08efef7d4ea96236fd776db972ec1b6cb7c259fe94644aeefe?s=96&d=mm&r=g\",\"caption\":\"Eragintza Fundazioa\"},\"sameAs\":[\"https:\/\/eragintzafundazioa.eus\"],\"url\":\"https:\/\/www.eragintzafundazioa.eus\/es\/author\/eragintza-fundazioa\/\"}]}<\/script>\n<!-- \/ Yoast SEO plugin. -->","yoast_head_json":{"title":"Eragintza retoma su actividad tras el verano con todos sus servicios en marcha | Eragintza Fundazioa","robots":{"index":"index","follow":"follow","max-snippet":"max-snippet:-1","max-image-preview":"max-image-preview:large","max-video-preview":"max-video-preview:-1"},"canonical":"https:\/\/www.eragintzafundazioa.eus\/es\/2026\/09\/02\/eragintza-retoma-su-actividad-tras-el-verano-con-todos-sus-servicios-en-marcha\/","og_locale":"es_ES","og_type":"article","og_title":"Eragintza retoma su actividad tras el verano con todos sus servicios en marcha | Eragintza Fundazioa","og_description":"Eragintza Fundazioa vuelve a la actividad habitual tras el periodo vacacional. Tras las vacaciones de verano, Eragintza Fundazioa retoma su actividad con todos sus servicios plenamente operativos. Los programas de orientaci\u00f3n psicol\u00f3gica y laboral, los centros ocupacionales y los programas Ibilbide, Bideratu, envejecimiento activo y Saretu vuelven a desarrollar su actividad con el objetivo de [&hellip;]","og_url":"https:\/\/www.eragintzafundazioa.eus\/es\/2026\/09\/02\/eragintza-retoma-su-actividad-tras-el-verano-con-todos-sus-servicios-en-marcha\/","og_site_name":"Eragintza Fundazioa","article_publisher":"https:\/\/www.facebook.com\/EragintzaFund\/","article_published_time":"2026-09-02T11:13:01+00:00","article_modified_time":"2026-09-04T11:13:52+00:00","og_image":[{"width":1196,"height":639,"url":"https:\/\/www.eragintzafundazioa.eus\/wp-content\/uploads\/2026\/09\/COhasiera.jpg","type":"image\/jpeg"}],"author":"Eragintza Fundazioa","twitter_card":"summary_large_image","twitter_misc":{"Written by":"Eragintza Fundazioa","Est. reading time":"2 minutos"},"schema":{"@context":"https:\/\/schema.org","@graph":[{"@type":"Article","@id":"https:\/\/www.eragintzafundazioa.eus\/es\/2026\/09\/02\/eragintza-retoma-su-actividad-tras-el-verano-con-todos-sus-servicios-en-marcha\/#article","isPartOf":{"@id":"https:\/\/www.eragintzafundazioa.eus\/es\/2026\/09\/02\/eragintza-retoma-su-actividad-tras-el-verano-con-todos-sus-servicios-en-marcha\/"},"author":{"name":"Eragintza Fundazioa","@id":"https:\/\/www.eragintzafundazioa.eus\/#\/schema\/person\/829b230c08bbb729c04fdf908bd8e8d5"},"headline":"Eragintza retoma su actividad tras el verano con todos sus servicios en marcha","datePublished":"2026-09-02T11:13:01+00:00","dateModified":"2026-09-04T11:13:52+00:00","mainEntityOfPage":{"@id":"https:\/\/www.eragintzafundazioa.eus\/es\/2026\/09\/02\/eragintza-retoma-su-actividad-tras-el-verano-con-todos-sus-servicios-en-marcha\/"},"wordCount":402,"publisher":{"@id":"https:\/\/www.eragintzafundazioa.eus\/#organization"},"image":{"@id":"https:\/\/www.eragintzafundazioa.eus\/es\/2026\/09\/02\/eragintza-retoma-su-actividad-tras-el-verano-con-todos-sus-servicios-en-marcha\/#primaryimage"},"thumbnailUrl":"https:\/\/www.eragintzafundazioa.eus\/wp-content\/uploads\/2026\/09\/COhasiera.jpg","articleSection":["Todas"],"inLanguage":"es"},{"@type":"WebPage","@id":"https:\/\/www.eragintzafundazioa.eus\/es\/2026\/09\/02\/eragintza-retoma-su-actividad-tras-el-verano-con-todos-sus-servicios-en-marcha\/","url":"https:\/\/www.eragintzafundazioa.eus\/es\/2026\/09\/02\/eragintza-retoma-su-actividad-tras-el-verano-con-todos-sus-servicios-en-marcha\/","name":"Eragintza retoma su actividad tras el verano con todos sus servicios en marcha | Eragintza Fundazioa","isPartOf":{"@id":"https:\/\/www.eragintzafundazioa.eus\/#website"},"primaryImageOfPage":{"@id":"https:\/\/www.eragintzafundazioa.eus\/es\/2026\/09\/02\/eragintza-retoma-su-actividad-tras-el-verano-con-todos-sus-servicios-en-marcha\/#primaryimage"},"image":{"@id":"https:\/\/www.eragintzafundazioa.eus\/es\/2026\/09\/02\/eragintza-retoma-su-actividad-tras-el-verano-con-todos-sus-servicios-en-marcha\/#primaryimage"},"thumbnailUrl":"https:\/\/www.eragintzafundazioa.eus\/wp-content\/uploads\/2026\/09\/COhasiera.jpg","datePublished":"2026-09-02T11:13:01+00:00","dateModified":"2026-09-04T11:13:52+00:00","breadcrumb":{"@id":"https:\/\/www.eragintzafundazioa.eus\/es\/2026\/09\/02\/eragintza-retoma-su-actividad-tras-el-verano-con-todos-sus-servicios-en-marcha\/#breadcrumb"},"inLanguage":"es","potentialAction":[{"@type":"ReadAction","target":["https:\/\/www.eragintzafundazioa.eus\/es\/2026\/09\/02\/eragintza-retoma-su-actividad-tras-el-verano-con-todos-sus-servicios-en-marcha\/"]}]},{"@type":"ImageObject","inLanguage":"es","@id":"https:\/\/www.eragintzafundazioa.eus\/es\/2026\/09\/02\/eragintza-retoma-su-actividad-tras-el-verano-con-todos-sus-servicios-en-marcha\/#primaryimage","url":"https:\/\/www.eragintzafundazioa.eus\/wp-content\/uploads\/2026\/09\/COhasiera.jpg","contentUrl":"https:\/\/www.eragintzafundazioa.eus\/wp-content\/uploads\/2026\/09\/COhasiera.jpg","width":1196,"height":639},{"@type":"BreadcrumbList","@id":"https:\/\/www.eragintzafundazioa.eus\/es\/2026\/09\/02\/eragintza-retoma-su-actividad-tras-el-verano-con-todos-sus-servicios-en-marcha\/#breadcrumb","itemListElement":[{"@type":"ListItem","position":1,"name":"Home","item":"https:\/\/www.eragintzafundazioa.eus\/"},{"@type":"ListItem","position":2,"name":"Eragintza retoma su actividad tras el verano con todos sus servicios en marcha"}]},{"@type":"WebSite","@id":"https:\/\/www.eragintzafundazioa.eus\/#website","url":"https:\/\/www.eragintzafundazioa.eus\/","name":"Eragintza Fundazioa","description":"","publisher":{"@id":"https:\/\/www.eragintzafundazioa.eus\/#organization"},"potentialAction":[{"@type":"SearchAction","target":{"@type":"EntryPoint","urlTemplate":"https:\/\/www.eragintzafundazioa.eus\/?s={search_term_string}"},"query-input":{"@type":"PropertyValueSpecification","valueRequired":true,"valueName":"search_term_string"}}],"inLanguage":"es"},{"@type":"Organization","@id":"https:\/\/www.eragintzafundazioa.eus\/#organization","name":"Eragintza Fundazioa","url":"https:\/\/www.eragintzafundazioa.eus\/","logo":{"@type":"ImageObject","inLanguage":"es","@id":"https:\/\/www.eragintzafundazioa.eus\/#\/schema\/logo\/image\/","url":"https:\/\/eragintzafundazioa.eus\/wp-content\/uploads\/2024\/04\/logo2-1.png","contentUrl":"https:\/\/eragintzafundazioa.eus\/wp-content\/uploads\/2024\/04\/logo2-1.png","width":496,"height":153,"caption":"Eragintza Fundazioa"},"image":{"@id":"https:\/\/www.eragintzafundazioa.eus\/#\/schema\/logo\/image\/"},"sameAs":["https:\/\/www.facebook.com\/EragintzaFund\/","https:\/\/www.instagram.com\/eragintzafund\/","https:\/\/es.linkedin.com\/company\/eragintzafund","https:\/\/www.youtube.com\/@EragintzaFund\/videos"]},{"@type":"Person","@id":"https:\/\/www.eragintzafundazioa.eus\/#\/schema\/person\/829b230c08bbb729c04fdf908bd8e8d5","name":"Eragintza Fundazioa","image":{"@type":"ImageObject","inLanguage":"es","@id":"https:\/\/www.eragintzafundazioa.eus\/#\/schema\/person\/image\/","url":"https:\/\/secure.gravatar.com\/avatar\/01ea0cedfbaccd08efef7d4ea96236fd776db972ec1b6cb7c259fe94644aeefe?s=96&d=mm&r=g","contentUrl":"https:\/\/secure.gravatar.com\/avatar\/01ea0cedfbaccd08efef7d4ea96236fd776db972ec1b6cb7c259fe94644aeefe?s=96&d=mm&r=g","caption":"Eragintza Fundazioa"},"sameAs":["https:\/\/eragintzafundazioa.eus"],"url":"https:\/\/www.eragintzafundazioa.eus\/es\/author\/eragintza-fundazioa\/"}]}},"_links":{"self":[{"href":"https:\/\/www.eragintzafundazioa.eus\/es\/wp-json\/wp\/v2\/posts\/13506","targetHints":{"allow":["GET"]}}],"collection":[{"href":"https:\/\/www.eragintzafundazioa.eus\/es\/wp-json\/wp\/v2\/posts"}],"about":[{"href":"https:\/\/www.eragintzafundazioa.eus\/es\/wp-json\/wp\/v2\/types\/post"}],"author":[{"embeddable":true,"href":"https:\/\/www.eragintzafundazioa.eus\/es\/wp-json\/wp\/v2\/users\/2"}],"replies":[{"embeddable":true,"href":"https:\/\/www.eragintzafundazioa.eus\/es\/wp-json\/wp\/v2\/comments?post=13506"}],"version-history":[{"count":1,"href":"https:\/\/www.eragintzafundazioa.eus\/es\/wp-json\/wp\/v2\/posts\/13506\/revisions"}],"predecessor-version":[{"id":13511,"href":"https:\/\/www.eragintzafundazioa.eus\/es\/wp-json\/wp\/v2\/posts\/13506\/revisions\/13511"}],"wp:featuredmedia":[{"embeddable":true,"href":"https:\/\/www.eragintzafundazioa.eus\/es\/wp-json\/wp\/v2\/media\/13509"}],"wp:attachment":[{"href":"https:\/\/www.eragintzafundazioa.eus\/es\/wp-json\/wp\/v2\/media?parent=13506"}],"wp:term":[{"taxonomy":"category","embeddable":true,"href":"https:\/\/www.eragintzafundazioa.eus\/es\/wp-json\/wp\/v2\/categories?post=13506"},{"taxonomy":"post_tag","embeddable":true,"href":"https:\/\/www.eragintzafundazioa.eus\/es\/wp-json\/wp\/v2\/tags?post=13506"}],"curies":[{"name":"wp","href":"https:\/\/api.w.org\/{rel}","templated":true}]}}